{"id":23564,"date":"2020-04-21T11:42:01","date_gmt":"2020-04-21T11:42:01","guid":{"rendered":"http:\/\/centralmedia.rs\/?p=23564"},"modified":"2020-05-07T00:31:59","modified_gmt":"2020-05-07T00:31:59","slug":"novak-opet-o-vakcini-zbunjen-sam-dokovic-poslao-saopstenje-njujork-tajmsu-brani-se-od-svetskog-napada","status":"publish","type":"post","link":"https:\/\/centralmedia.rs\/index.php\/2020\/04\/21\/novak-opet-o-vakcini-zbunjen-sam-dokovic-poslao-saopstenje-njujork-tajmsu-brani-se-od-svetskog-napada\/","title":{"rendered":"NOVAK OPET O VAKCINI: ZBUNJEN SAM! \u0110okovi\u0107 poslao saop\u0161tenje Njujork tajmsu, brani se od svetskog napada"},"content":{"rendered":"<p>Novak \u0110okovi\u0107 se oglasio nakon izjave o vakcini protiv korona virusa saop\u0161tenjem koje je poslao Njujork Tajmsu.<\/p>\n<p>Pre dva dana je \u0110okovi\u0107 poru\u010dio kako je protiv vakcinisanja i da to ne\u0107e \u010diniti kako bi u narednom periodu mogao da putuje na turnire.<\/p>\n<p>Puno buke se diglo oko takvih re\u010di srpskog asa koji ih je obrazlo\u017eio time da sam \u017eeli da izabere \u0161ta je najbolje za njegovo telo, kao i da je u ovom trenutku zbunjen.<\/p>\n<p>&#8211; Nisam stru\u010dnjak, ali \u017eelim da imam opciju da izaberem \u0161ta je najbolje za moje telo. Nastavi\u0107u da istra\u017eujem na ovu temu jer je va\u017ena i utica\u0107e na sve nas. Da budem iskren, malo sam zbunjen, kao i ostatak sveta. Uprkos tome \u0161to imam pristup informacijama, u nedoumici sam \u0161ta je najbolje u\u010diniti u ovoj situaciji, rekao je \u00d0okovi\u0107 u saop\u0161tenju koje je njegov tim dostavio Njujork Tajmsu.<\/p>\n<p>Preneo je \u010dak Njujork Tajms i epidemiologa Predraga Kona koji me\u0111u prvima nije podr\u017eao stav Novaka \u0110okovi\u0107a i podsetio na izjavu Ameli Morezmo koja je poru\u010dila da teniska sezona ne\u0107e biti nastavljena ukoliko igra\u010di ne budu vakcinisani i tako se za\u0161tite korona virusa.<\/p>\n<p>Britanski mediji su pisali kako \u0110okovi\u0107 ovakvim stavom potencijalno \u017ertvuje prvo mesto na ATP listi ukoliko zaista ne bi i\u0161ao na turnire ako bi vakcinisanje bilo neophodno.<\/p>\n<p>&nbsp;<\/p>\n","protected":false},"excerpt":{"rendered":"<p>Novak \u0110okovi\u0107 se oglasio nakon izjave o vakcini protiv korona virusa saop\u0161tenjem koje je poslao Njujork Tajmsu. Pre dva dana je \u0110okovi\u0107 poru\u010dio kako je &hellip; <\/p>\n","protected":false},"author":2,"featured_media":23565,"comment_status":"open","ping_status":"open","sticky":false,"template":"","format":"standard","meta":{"footnotes":""},"categories":[14,2,12],"tags":[4440,161,49,3653,4581],"_links":{"self":[{"href":"https:\/\/centralmedia.rs\/index.php\/wp-json\/wp\/v2\/posts\/23564"}],"collection":[{"href":"https:\/\/centralmedia.rs\/index.php\/wp-json\/wp\/v2\/posts"}],"about":[{"href":"https:\/\/centralmedia.rs\/index.php\/wp-json\/wp\/v2\/types\/post"}],"author":[{"embeddable":true,"href":"https:\/\/centralmedia.rs\/index.php\/wp-json\/wp\/v2\/users\/2"}],"replies":[{"embeddable":true,"href":"https:\/\/centralmedia.rs\/index.php\/wp-json\/wp\/v2\/comments?post=23564"}],"version-history":[{"count":1,"href":"https:\/\/centralmedia.rs\/index.php\/wp-json\/wp\/v2\/posts\/23564\/revisions"}],"predecessor-version":[{"id":23566,"href":"https:\/\/centralmedia.rs\/index.php\/wp-json\/wp\/v2\/posts\/23564\/revisions\/23566"}],"wp:featuredmedia":[{"embeddable":true,"href":"https:\/\/centralmedia.rs\/index.php\/wp-json\/wp\/v2\/media\/23565"}],"wp:attachment":[{"href":"https:\/\/centralmedia.rs\/index.php\/wp-json\/wp\/v2\/media?parent=23564"}],"wp:term":[{"taxonomy":"category","embeddable":true,"href":"https:\/\/centralmedia.rs\/index.php\/wp-json\/wp\/v2\/categories?post=23564"},{"taxonomy":"post_tag","embeddable":true,"href":"https:\/\/centralmedia.rs\/index.php\/wp-json\/wp\/v2\/tags?post=23564"}],"curies":[{"name":"wp","href":"https:\/\/api.w.org\/{rel}","templated":true}]}}