{"id":23585,"date":"2020-04-21T15:08:04","date_gmt":"2020-04-21T15:08:04","guid":{"rendered":"http:\/\/centralmedia.rs\/?p=23585"},"modified":"2020-04-25T13:12:21","modified_gmt":"2020-04-25T13:12:21","slug":"stab-za-vanredne-situacije-kako-se-infekcija-sirila-u-paracinu","status":"publish","type":"post","link":"https:\/\/centralmedia.rs\/index.php\/2020\/04\/21\/stab-za-vanredne-situacije-kako-se-infekcija-sirila-u-paracinu\/","title":{"rendered":"\u0160TAB ZA VANREDNE SITUACIJE &#8211; KAKO SE KORONA \u0160IRILA U PARA\u0106INU"},"content":{"rendered":"<p>PARA\u0106IN- Iz \u0160taba za vanredne situacije u Para\u0107inu na pitanja kako se infekcija \u0161irila i kako je do\u0161lo do porasta broja obolelih, komandant Sa\u0161a Paunovi\u0107 ka\u017ee da je relativno veliki broj pozitivnih na koronavirus u Para\u0107inu u odnosu na broj stanovnika mnogo je razumljiviji kada se pogleda struktura ovih lica.<\/p>\n<p>&#8211; Na po\u010detku epidemije to su bila lica koja su ili do\u0161la iz inostranstva kao radnici na privremenom radu ili je bila re\u010d o voza\u010dima ili zaposlenima u preduze\u0107ima koja se bave transportom robe i putnika u inostranstvu, kao i o \u010dlanovima njihovih porodica i licima koja su bila direktno sa njima u kontaktu. U drugom krugu do\u0161lo je do \u0161irenja virusa u \u0107uprijskoj a zatim i u para\u0107inskoj bolnici, pa je zara\u017een veliki broj zdravstvenih radnika,mnogi Para\u0107inci rade u \u0106upriji, i \u010dlanova njihovih porodica. Tre\u0107i krug su lica kod kojih se mo\u017ee pretpostaviti da su zara\u017eeni kao pacijenti u \u0107uprijskoj ili para\u0107inskoj bolnici, a zatim i \u010dlanovi njihovih porodica. \u010cetvrti krug su ljudi koji su se zarazili na radnom mestu u preduze\u0107ima sa ve\u0107im brojem zaposlenih i koja su bila u kontaktu sa licima koja su voza\u010di u inostranstvu ili za koja se mo\u017ee pretpostaaviti da su bila u kontaktu sa licima koja su prethodno bila zara\u017eena preko \u010dlanova porodica \u2013 pacijenata ili radnika u zdravstvenim ustanovma. Sada ve\u0107 imamo \u010ditave porodice koje su pozitivne na koronavirus, po troje ili \u010detvoro lica i to je uglavnom razlog za\u0161to ima procenutalno mnogo zara\u017eenih, isti\u010de Paunovi\u0107.<\/p>\n<p>Mediji ne mogu lako do\u0107i do podataka o broju preminulih u gradovima pojedina\u010dno jer se evidencije vode razli\u010dito. Para\u0107in na primer objavljuje broj preminulih sa spiska pozitivnih na korona virus, dok se u nekim gradovima takav podatak ne objavljuje nego se pacijent vodi da je preminuo od hroni\u010dne bolesti, iako je inficiran virusom pa samim tim uzrok smrti nije covid-19 ve\u0107 neka od bolesti. Razli\u010dito se vode evidencije o broju preminulih.<\/p>\n<p>-\u0160to se ti\u010de utiska da u Para\u0107inu ima mnogo preminulih od koronavirusa podseti\u0107u da \u0160tab objavljuje informacije o tome da je lice koje je bilo na listi pozitivnih preminulo, pri \u010demu mi nemamo uvid u ta\u010dan uzrok smrti koji mo\u017ee biti osnovna bolest zbog koje se pacijent le\u010dio u bolnici gde je dobio i koronavirus. Na \u017ealost, u nekoliko slu\u010dajeva gra\u0111ani sa ozbiljnim simptomima javili su se prekasno, sa ve\u0107 poodmaklom bole\u0161\u0107u koju su skrivali danima i opet na \u017ealost, u takvim situacijama obi\u010dno su zara\u017eene \u010ditave porodice. Koliko vidim drugi objavljuju samo podatke o licima za koje je infekcija koronavirusom bila jedina bolest za koju se znalo, pa se zato sti\u010de pogre\u0161an utisak \u2013 broj preminulih pozitivnih lica je verovatno svuda isti u odnosu na broj zara\u017eenih, razlikuje se samo metodologija vo\u0111enja ove evidencije u Para\u0107inu i drugim op\u0161tinama ka\u017ee Paunovi\u0107.<\/p>\n<p>Kako prenose mediju, \u0106uprija je najve\u0107e \u017eari\u0161te u Srbiji s obzirom na broj stanovnika. Sledi je Para\u0107in, gde je, tako\u0111e, zabele\u017een ve\u0107i broj pozitivnih lica,<\/p>\n","protected":false},"excerpt":{"rendered":"<p>PARA\u0106IN- Iz \u0160taba za vanredne situacije u Para\u0107inu na pitanja kako se infekcija \u0161irila i kako je do\u0161lo do porasta broja obolelih, komandant Sa\u0161a Paunovi\u0107 &hellip; <\/p>\n","protected":false},"author":2,"featured_media":23586,"comment_status":"open","ping_status":"open","sticky":false,"template":"","format":"standard","meta":{"footnotes":""},"categories":[14,1524,2,1516,887,12],"tags":[4576,156,4463,4524],"_links":{"self":[{"href":"https:\/\/centralmedia.rs\/index.php\/wp-json\/wp\/v2\/posts\/23585"}],"collection":[{"href":"https:\/\/centralmedia.rs\/index.php\/wp-json\/wp\/v2\/posts"}],"about":[{"href":"https:\/\/centralmedia.rs\/index.php\/wp-json\/wp\/v2\/types\/post"}],"author":[{"embeddable":true,"href":"https:\/\/centralmedia.rs\/index.php\/wp-json\/wp\/v2\/users\/2"}],"replies":[{"embeddable":true,"href":"https:\/\/centralmedia.rs\/index.php\/wp-json\/wp\/v2\/comments?post=23585"}],"version-history":[{"count":5,"href":"https:\/\/centralmedia.rs\/index.php\/wp-json\/wp\/v2\/posts\/23585\/revisions"}],"predecessor-version":[{"id":23591,"href":"https:\/\/centralmedia.rs\/index.php\/wp-json\/wp\/v2\/posts\/23585\/revisions\/23591"}],"wp:featuredmedia":[{"embeddable":true,"href":"https:\/\/centralmedia.rs\/index.php\/wp-json\/wp\/v2\/media\/23586"}],"wp:attachment":[{"href":"https:\/\/centralmedia.rs\/index.php\/wp-json\/wp\/v2\/media?parent=23585"}],"wp:term":[{"taxonomy":"category","embeddable":true,"href":"https:\/\/centralmedia.rs\/index.php\/wp-json\/wp\/v2\/categories?post=23585"},{"taxonomy":"post_tag","embeddable":true,"href":"https:\/\/centralmedia.rs\/index.php\/wp-json\/wp\/v2\/tags?post=23585"}],"curies":[{"name":"wp","href":"https:\/\/api.w.org\/{rel}","templated":true}]}}