{"id":23601,"date":"2020-04-21T18:59:29","date_gmt":"2020-04-21T18:59:29","guid":{"rendered":"http:\/\/centralmedia.rs\/?p=23601"},"modified":"2020-04-25T13:12:45","modified_gmt":"2020-04-25T13:12:45","slug":"hemodijaliza-normalno-radi-u-cupriji-pacijenti-pozitivni-na-koronu-upuceni-na-lecenje","status":"publish","type":"post","link":"https:\/\/centralmedia.rs\/index.php\/2020\/04\/21\/hemodijaliza-normalno-radi-u-cupriji-pacijenti-pozitivni-na-koronu-upuceni-na-lecenje\/","title":{"rendered":"HEMODIJALIZA NORMALNO RADI U \u0106UPRIJI, PACIJENTI POZITIVNI NA KORONU UPU\u0106ENI NA LE\u010cENJE"},"content":{"rendered":"<p>\u0106UPRIJA- Odeljenje hemodijalize u Op\u0161toj bolnici u \u0106upriji danas je normalno radilo, posle dvodnevnog redukovanog rada, ponedeljak i subota, \u0161to je bilo posledica testiranja pacijenata na covid-19.<\/p>\n<p>-Pacijenti koji su pozitivni upu\u0107eni su preko mati\u010dnih domova zdravlja u tercijarne ustanove koje mogu paralelno da le\u010de covid-19 i dijaliziraju pacijente. Sve je potpuno normalno i redovno na Odeljenju hemodijalize, prema rasporedu se obavljaju dijalize. Nemamo jo\u0161 uvek ukupne informacije o ukupnom broju pozitivnih pacijenata sa dijalize, jer su neki testirani ranije a neki kasnije. Ima raznih puteva za viruso od porodice, preko transporta, svega&#8230; Kao osetljivu grupu pacijenata, po nalogu epidemiologa i \u0160taba, svi su \u00a0testirani, ka\u017ee direktor Op\u0161te bolnice u \u0106upriji dr Ivan Milojevi\u0107.<\/p>\n<p>Sa teritorije okruga i iz \u0106uprije u Op\u0161toj bolnici dijalizira se 134 pacijenta, u bolnici nisu imali podatak koliko je pozitivnih, a \u00a0prema nezvani\u010dnim informacijama do sada\u00a0 je blizu 40 pacijenata sa dijalize zara\u017eeno koronom.<\/p>\n<p>-Imali smo dva dana redukovanog rada, jer smo \u010dekali rezulate testiranja, sve ostalo je normalno i pacijenti ne treba da brinu. Sporadi\u010dno, imamo po neki pozitivni slu\u010daj me\u0111u zdravstvenim radnicima, dosta se testira zdravstvenih radnika. Od Kovid odeljenja do ostalih, ali nije to u usponu onako kako bilo na po\u010detku. Ukupno je sedamdesetak pozitivnih me\u0111u zaposlenima, dosta se oporavilo, ima ljudi koji su iza\u0161li iz bolnice sa dva negativna testa. Zaposleni iz prvog talasa su oporavljeni, ne mogu da ka\u017eem da ih nema. Cilj da nemamo pozitivne me\u0111u pacijentima i zdravstvenim osobljem, navodi dr Milojevi\u0107.<\/p>\n","protected":false},"excerpt":{"rendered":"<p>\u0106UPRIJA- Odeljenje hemodijalize u Op\u0161toj bolnici u \u0106upriji danas je normalno radilo, posle dvodnevnog redukovanog rada, ponedeljak i subota, \u0161to je bilo posledica testiranja pacijenata &hellip; <\/p>\n","protected":false},"author":2,"featured_media":23604,"comment_status":"open","ping_status":"open","sticky":false,"template":"","format":"standard","meta":{"footnotes":""},"categories":[1515,28,1524,2,12,1],"tags":[44,175,4440],"_links":{"self":[{"href":"https:\/\/centralmedia.rs\/index.php\/wp-json\/wp\/v2\/posts\/23601"}],"collection":[{"href":"https:\/\/centralmedia.rs\/index.php\/wp-json\/wp\/v2\/posts"}],"about":[{"href":"https:\/\/centralmedia.rs\/index.php\/wp-json\/wp\/v2\/types\/post"}],"author":[{"embeddable":true,"href":"https:\/\/centralmedia.rs\/index.php\/wp-json\/wp\/v2\/users\/2"}],"replies":[{"embeddable":true,"href":"https:\/\/centralmedia.rs\/index.php\/wp-json\/wp\/v2\/comments?post=23601"}],"version-history":[{"count":3,"href":"https:\/\/centralmedia.rs\/index.php\/wp-json\/wp\/v2\/posts\/23601\/revisions"}],"predecessor-version":[{"id":23605,"href":"https:\/\/centralmedia.rs\/index.php\/wp-json\/wp\/v2\/posts\/23601\/revisions\/23605"}],"wp:featuredmedia":[{"embeddable":true,"href":"https:\/\/centralmedia.rs\/index.php\/wp-json\/wp\/v2\/media\/23604"}],"wp:attachment":[{"href":"https:\/\/centralmedia.rs\/index.php\/wp-json\/wp\/v2\/media?parent=23601"}],"wp:term":[{"taxonomy":"category","embeddable":true,"href":"https:\/\/centralmedia.rs\/index.php\/wp-json\/wp\/v2\/categories?post=23601"},{"taxonomy":"post_tag","embeddable":true,"href":"https:\/\/centralmedia.rs\/index.php\/wp-json\/wp\/v2\/tags?post=23601"}],"curies":[{"name":"wp","href":"https:\/\/api.w.org\/{rel}","templated":true}]}}