{"id":23621,"date":"2020-04-23T15:52:48","date_gmt":"2020-04-23T15:52:48","guid":{"rendered":"http:\/\/centralmedia.rs\/?p=23621"},"modified":"2020-04-25T13:13:58","modified_gmt":"2020-04-25T13:13:58","slug":"dr-kon-gasi-se-zariste-korone-u-jagodini-cupriji-i-paracinu","status":"publish","type":"post","link":"https:\/\/centralmedia.rs\/index.php\/2020\/04\/23\/dr-kon-gasi-se-zariste-korone-u-jagodini-cupriji-i-paracinu\/","title":{"rendered":"DR KON: GASI SE \u017dARI\u0160TE KORONE U JAGODINI, \u0106UPRIJI I PARA\u0106INU"},"content":{"rendered":"<p>POMORAVLJE- \u010clan Kriznog \u0161taba Vlade Srbije epidemiolog dr Predrag Kon izjavio je danas da se gasi u \u017eari\u0161te epidemije korone u Jagodini, \u0106upriji i Para\u0107inu.<\/p>\n<p>&#8211; U principu zna se da je pre nekoliko dana najve\u0107i procenat inficiranosti u odnosu na broj stanovnika bio u \u00a0Jagodini, \u0106upriji, Para\u0107inu, Ni\u0161u i Prokuplju. To se polako gasi i mi vi\u0161e nemamo ni jedno ozbiljno \u017eari\u0161te, svuda je ispod 15 procenata. U ve\u0107ini Srbije ispod 10 procenata, Vojvodina se gasi, Beograd tako\u0111e, ne\u0161to iznad 6 odsto. I da teoretski razmi\u0161ljamo nemamo gde da se korona ponovo pokrene, rekao je dr Kon.<\/p>\n<p><img loading=\"lazy\" decoding=\"async\" class=\"alignnone wp-image-23625 size-large\" src=\"http:\/\/centralmedia.rs\/wp-content\/uploads\/2020\/04\/23.april_-588x1024.jpg\" alt=\"\" width=\"588\" height=\"1024\" srcset=\"https:\/\/centralmedia.rs\/wp-content\/uploads\/2020\/04\/23.april_-588x1024.jpg 588w, https:\/\/centralmedia.rs\/wp-content\/uploads\/2020\/04\/23.april_-172x300.jpg 172w, https:\/\/centralmedia.rs\/wp-content\/uploads\/2020\/04\/23.april_-768x1338.jpg 768w, https:\/\/centralmedia.rs\/wp-content\/uploads\/2020\/04\/23.april_-241x420.jpg 241w, https:\/\/centralmedia.rs\/wp-content\/uploads\/2020\/04\/23.april_-640x1115.jpg 640w, https:\/\/centralmedia.rs\/wp-content\/uploads\/2020\/04\/23.april_-681x1186.jpg 681w, https:\/\/centralmedia.rs\/wp-content\/uploads\/2020\/04\/23.april_.jpg 778w\" sizes=\"(max-width: 588px) 100vw, 588px\" \/><\/p>\n<p>Podaci o broju zara\u017eenih covidom-19 u Pomroavskom okrugu nisu se menjali u odnosu na ju\u010de, te je i danas ukupno 522. zara\u017eena lica koronom, stoji na sajtu Vlade Srbije covid19.rs. Prema gradovima najvi\u0161e zara\u017eenih je u \u0106upriji 227, Para\u0107inu 138 i Jagodini 109, dok je znatno manji broj u ostalim gradovima &#8211; Despotovcu 17 i Rekovcu 9. Treba re\u0107i i da je ve\u0107i broj zara\u017eenih sa po\u010detka epidemije ozdravio ili je na\u017ealost preminuo, odnosno\u00a0 objavljene brojke ozna\u010davaju ukupan broj zara\u017eenih od 15. marta.<\/p>\n","protected":false},"excerpt":{"rendered":"<p>POMORAVLJE- \u010clan Kriznog \u0161taba Vlade Srbije epidemiolog dr Predrag Kon izjavio je danas da se gasi u \u017eari\u0161te epidemije korone u Jagodini, \u0106upriji i Para\u0107inu. &hellip; <\/p>\n","protected":false},"author":2,"featured_media":23622,"comment_status":"open","ping_status":"open","sticky":false,"template":"","format":"standard","meta":{"footnotes":""},"categories":[1515,28,1524,2,12],"tags":[4440,945,4549],"_links":{"self":[{"href":"https:\/\/centralmedia.rs\/index.php\/wp-json\/wp\/v2\/posts\/23621"}],"collection":[{"href":"https:\/\/centralmedia.rs\/index.php\/wp-json\/wp\/v2\/posts"}],"about":[{"href":"https:\/\/centralmedia.rs\/index.php\/wp-json\/wp\/v2\/types\/post"}],"author":[{"embeddable":true,"href":"https:\/\/centralmedia.rs\/index.php\/wp-json\/wp\/v2\/users\/2"}],"replies":[{"embeddable":true,"href":"https:\/\/centralmedia.rs\/index.php\/wp-json\/wp\/v2\/comments?post=23621"}],"version-history":[{"count":4,"href":"https:\/\/centralmedia.rs\/index.php\/wp-json\/wp\/v2\/posts\/23621\/revisions"}],"predecessor-version":[{"id":23627,"href":"https:\/\/centralmedia.rs\/index.php\/wp-json\/wp\/v2\/posts\/23621\/revisions\/23627"}],"wp:featuredmedia":[{"embeddable":true,"href":"https:\/\/centralmedia.rs\/index.php\/wp-json\/wp\/v2\/media\/23622"}],"wp:attachment":[{"href":"https:\/\/centralmedia.rs\/index.php\/wp-json\/wp\/v2\/media?parent=23621"}],"wp:term":[{"taxonomy":"category","embeddable":true,"href":"https:\/\/centralmedia.rs\/index.php\/wp-json\/wp\/v2\/categories?post=23621"},{"taxonomy":"post_tag","embeddable":true,"href":"https:\/\/centralmedia.rs\/index.php\/wp-json\/wp\/v2\/tags?post=23621"}],"curies":[{"name":"wp","href":"https:\/\/api.w.org\/{rel}","templated":true}]}}