{"id":2363,"date":"2016-03-12T09:14:32","date_gmt":"2016-03-12T09:14:32","guid":{"rendered":"http:\/\/centralmedia.rs\/?p=2363"},"modified":"2016-03-12T10:00:56","modified_gmt":"2016-03-12T10:00:56","slug":"poklon-murska-sobote-paracinu","status":"publish","type":"post","link":"https:\/\/centralmedia.rs\/index.php\/2016\/03\/12\/poklon-murska-sobote-paracinu\/","title":{"rendered":"POKLON MURSKE SOBOTE PARA\u0106INU"},"content":{"rendered":"<p>PARA\u0106IN-Murska Sobota u Sloveniji poklonila je pobratimskoj op\u0161tini Para\u0107in specijalno vatrogasno vozilo za ga\u0161enje po\u017eara na vi\u0161espratnicama kakvo imaju samo brigade u Beogradu i Ni\u0161u. Re\u010d je vozilu sa specijalnim merdevinama dugim 32 metra, \u010dija se vrednsot procenjuje na vi\u0161e stotina hiljada evra.<br \/>\n\t-Donacija je od velikog zna\u010daja. Ovakvo vozilo nemamo u ovom delu Srbije, jer se da njim mogu dosegnuti vi\u0161i spratovi i to su dugo tra\u017eili vatrogasci. Ovo je drugo vatrogasno vozilo koje je Para\u0107in obezbedio u kratkom roku za vatrogasce, rekao je predsednik op\u0161tine Para\u0107in Sa\u0161a Punovi\u0107.<a href=\"https:\/\/centralmedia.rs\/wp-content\/uploads\/2016\/03\/vatrogasno-vozilo-1-paracin-g.j..jpg\" rel=\"attachment wp-att-2365\"><img loading=\"lazy\" decoding=\"async\" src=\"https:\/\/centralmedia.rs\/wp-content\/uploads\/2016\/03\/vatrogasno-vozilo-1-paracin-g.j.-300x222.jpg\" alt=\"vatrogasno vozilo 1-paracin-g.j.\" width=\"300\" height=\"222\" class=\"alignnone size-medium wp-image-2365\" srcset=\"https:\/\/centralmedia.rs\/wp-content\/uploads\/2016\/03\/vatrogasno-vozilo-1-paracin-g.j.-300x222.jpg 300w, https:\/\/centralmedia.rs\/wp-content\/uploads\/2016\/03\/vatrogasno-vozilo-1-paracin-g.j.-768x569.jpg 768w, https:\/\/centralmedia.rs\/wp-content\/uploads\/2016\/03\/vatrogasno-vozilo-1-paracin-g.j.-80x60.jpg 80w, https:\/\/centralmedia.rs\/wp-content\/uploads\/2016\/03\/vatrogasno-vozilo-1-paracin-g.j..jpg 900w\" sizes=\"(max-width: 300px) 100vw, 300px\" \/><\/a><br \/>\nPara\u0107in je tokom ove godine dobio vatrogasno vozilo donaciju grada Be\u010da.<br \/>\n\t-Sa Para\u0107inom smo pobratimi od 1979 godine i sa njima smo u dobru i zlu. Ne samo kada se ple\u0161e i veseli, ve\u0107 i kada treba pomo\u0107i kao drug, drugu. Drago mi je da je na\u0161a donacija primljena sa zadovoljstvom i zahvalno\u0161\u0107u. Tako\u0111e, podr\u017eavam Sa\u0161u Paunovi\u0107a kao budu\u0107eg predsednika op\u0161tine, ne samo kao politi\u010dara, ve\u0107 prijatelja i \u010doveka koji zna uspe\u0161no da vodi lokalnu samoupravu, istakao je \u017eupan dr Aleksander Jev\u0161ek.<a href=\"https:\/\/centralmedia.rs\/wp-content\/uploads\/2016\/03\/vatrogasno-vozilo-paracin-g.j..jpg\" rel=\"attachment wp-att-2366\"><img loading=\"lazy\" decoding=\"async\" src=\"https:\/\/centralmedia.rs\/wp-content\/uploads\/2016\/03\/vatrogasno-vozilo-paracin-g.j.-300x198.jpg\" alt=\"vatrogasno vozilo-paracin-g.j.\" width=\"300\" height=\"198\" class=\"alignnone size-medium wp-image-2366\" srcset=\"https:\/\/centralmedia.rs\/wp-content\/uploads\/2016\/03\/vatrogasno-vozilo-paracin-g.j.-300x198.jpg 300w, https:\/\/centralmedia.rs\/wp-content\/uploads\/2016\/03\/vatrogasno-vozilo-paracin-g.j.-768x508.jpg 768w, https:\/\/centralmedia.rs\/wp-content\/uploads\/2016\/03\/vatrogasno-vozilo-paracin-g.j..jpg 900w\" sizes=\"(max-width: 300px) 100vw, 300px\" \/><\/a><br \/>\n\tPredsednik Dobrovoljnog vatrogasnog dru\u0161tva iz Murske Sobote Milan Vertot najavio je da \u0107e biti obavljen \u010din bratimljenja para\u0107inskim vatrogascima. <\/p>\n","protected":false},"excerpt":{"rendered":"<p>PARA\u0106IN-Murska Sobota u Sloveniji poklonila je pobratimskoj op\u0161tini Para\u0107in specijalno vatrogasno vozilo za ga\u0161enje po\u017eara na vi\u0161espratnicama kakvo imaju samo brigade u Beogradu i Ni\u0161u. &hellip; <\/p>\n","protected":false},"author":4,"featured_media":2364,"comment_status":"open","ping_status":"open","sticky":false,"template":"","format":"standard","meta":{"footnotes":""},"categories":[14,2,12],"tags":[328,610,156,611],"_links":{"self":[{"href":"https:\/\/centralmedia.rs\/index.php\/wp-json\/wp\/v2\/posts\/2363"}],"collection":[{"href":"https:\/\/centralmedia.rs\/index.php\/wp-json\/wp\/v2\/posts"}],"about":[{"href":"https:\/\/centralmedia.rs\/index.php\/wp-json\/wp\/v2\/types\/post"}],"author":[{"embeddable":true,"href":"https:\/\/centralmedia.rs\/index.php\/wp-json\/wp\/v2\/users\/4"}],"replies":[{"embeddable":true,"href":"https:\/\/centralmedia.rs\/index.php\/wp-json\/wp\/v2\/comments?post=2363"}],"version-history":[{"count":0,"href":"https:\/\/centralmedia.rs\/index.php\/wp-json\/wp\/v2\/posts\/2363\/revisions"}],"wp:featuredmedia":[{"embeddable":true,"href":"https:\/\/centralmedia.rs\/index.php\/wp-json\/wp\/v2\/media\/2364"}],"wp:attachment":[{"href":"https:\/\/centralmedia.rs\/index.php\/wp-json\/wp\/v2\/media?parent=2363"}],"wp:term":[{"taxonomy":"category","embeddable":true,"href":"https:\/\/centralmedia.rs\/index.php\/wp-json\/wp\/v2\/categories?post=2363"},{"taxonomy":"post_tag","embeddable":true,"href":"https:\/\/centralmedia.rs\/index.php\/wp-json\/wp\/v2\/tags?post=2363"}],"curies":[{"name":"wp","href":"https:\/\/api.w.org\/{rel}","templated":true}]}}