{"id":23633,"date":"2020-04-23T17:30:39","date_gmt":"2020-04-23T17:30:39","guid":{"rendered":"http:\/\/centralmedia.rs\/?p=23633"},"modified":"2020-04-25T13:14:08","modified_gmt":"2020-04-25T13:14:08","slug":"nuns-vucic-pazljivije-da-procita-izvestaj-reportera-bez-granica","status":"publish","type":"post","link":"https:\/\/centralmedia.rs\/index.php\/2020\/04\/23\/nuns-vucic-pazljivije-da-procita-izvestaj-reportera-bez-granica\/","title":{"rendered":"NUNS: Vu\u010di\u0107 pa\u017eljivije da pro\u010dita izve\u0161taj Reportera bez granica"},"content":{"rendered":"<p>Nezavisno udru\u017eenje novinara Srbije ne \u010dudi pad Srbije na listi Reportera bez granica (RSF), jer se mogao o\u010dekivati jo\u0161 lo\u0161iji rezultat imaju\u0107i u vidu nivo i nastavljeni trend pada slobode medija i bezbednosti novinara u Srbiji u prethodnoj godini. NUNS svake godine od 2016. godine zajedno sa svojim partnerima iz Regionalne platforme za zagovaranje slobode medija i bezbednost novinara radi istra\u017eivanje &#8220;Indikatori za nivo slobode medija i bezbednost novinara&#8221;. Poslednje za 2019. godinu, koje \u0107e u narednih mesec dana biti publikovano, uzroke pada na listi RSF uo\u010dava zbog slede\u0107ih faktora:<\/p>\n<p>Novinari su i dalje fizi\u010dki ugro\u017eeni zbog obavljanja svog posla. Nakon tri godine jednocifrenog broja fizi\u010dkih napada, u 2019. taj broj je opet dvocifren (11 fizi\u010dkih napada).<\/p>\n<ul>\n<li>Verbalne pretnje po \u017eivot novinara su stalno prisutne \u00a0i dr\u017ee se na istom nivou ve\u0107 pet godina unazad (u 2019 \u00a0bilo je 23 pretnje), dok se broj i vrste pritisaka uve\u0107avaju iz godine u godinu. Pro\u0161le godine smo zabele\u017eili 80 takvih incidenata (2018. &#8211; 72, 2017. &#8211; 62, 2016. -33).<\/li>\n<li>Slu\u010dajevi krivi\u010dnih dela u\u010dinjenih na \u0161tetu novinara retko zavr\u0161avaju na sudu, dugo su u predistra\u017enom i istra\u017enom postupku, tako da i dalje imamo dva slu\u010daja ubistva novinara i jedan poku\u0161aj ubistva u predistra\u017enom postupku.<\/li>\n<li>Slu\u010daj paljenja kuc\u0301e Milana Jovanovic\u0301a naveden je u izvje\u0161taju RSF-a. Optu\u017eeni je su\u0111enje koristio za klevetu Jovanovic\u0301a i pretnje javnim tu\u017eiocima&#8230; NUNS pa\u017eljivo nadgleda ovo su\u0111enje i izve\u0161tava o njemu, i na ovom slu\u010daju mo\u017eemo zaklju\u010diti koliko je pravosu\u0111e slabo. U saradnji sa organizacijom Article 19 NUNS dostavlja informacije o ovom slu\u010daju specijalnim reporterima za ljudska prava Ujedinjenih nacija i OEBS-a kako bi ovaj slu\u010daj bio ispra\u0107en od po\u010detka do kraja.<\/li>\n<li>Zapaljiva retorika politi\u010dara i nosilaca vlasti uperena je na novinare koji izve\u0161tavaju u javnom interesu i vi\u0161e od 30 % pritisaka poti\u010de upravo od politi\u010dara, \u0161to ohrabruje druge gra\u0111ane da svoj bes iskale upravo na novinarima. Na taj na\u010din se \u0161alje poruka da je to dozvoljeno i dru\u0161tveno prihvatljivo pona\u0161anje.<\/li>\n<li>Kampanje bla\u0107enja nezavisnih novinara i redakcije i dezinformisanje javnosti u tabloidnim medijima je dobila jo\u0161 ve\u0107e razmere, a mediji koji to \u010dine u\u017eivaju naklonost vlasti, \u0161to kroz dr\u017eavne fondove \u0161to kroz javno izra\u017eavanje podr\u0161ke.<\/li>\n<li>Trend zatvaranja dr\u017eavnih institucija i njihovog odbijanja da pru\u017ee informacije od javnog zna\u010daja je nastavljen i u prethodnoj godini.<\/li>\n<li>Socijalno ekeonomski uslovi rada novinara i dalje predstavljaju zna\u010dajan problem, i mo\u017eemo ih slobodno nazvati prekarnim radnicima, a sindikalna organizovanost izostaje<\/li>\n<\/ul>\n<p>Razlozi zbog kojih je mo\u017eda ovaj pad na listi manji nego prethodne godine vidimo u slede\u0107im \u010dinjenicama:<\/p>\n<p>&#8211;\u00a0\u00a0\u00a0\u00a0\u00a0\u00a0\u00a0\u00a0\u00a0\u00a0Medijska strategija je zavr\u0161ena uz participaciju svih relevantnih aktera na medijskoj sceni, ali nakon tri godine, \u0161to je dragoceno vreme koje je izgubljeno za pobolj\u0161avanje uslova rada novinara i medija zbog neodgovornosti dr\u017eave koja je proces izrade dugo vodila na neadekvatan na\u010din i uz odsustvo struke. Strategija je odli\u010dan polazni dokument, ali imaju\u0107i u vidu svakodnevno pona\u0161anje predstavnika dr\u017eave koja je formalni potpisnik, pla\u0161imo se da i taj dokument ne ostane samo mrtvo slovo na papiru.<\/p>\n<p>&#8211;\u00a0\u00a0\u00a0\u00a0\u00a0\u00a0\u00a0\u00a0\u00a0\u00a0Stalna radna grupa za podizanje nivoa bezbednosti novinara nastavila je sa radom u 2019. godini. Komunikacija, na\u010din prijavljivanja slu\u010dajeva i brzina reakcije na napade su pozitivne strane rada ove grupe, ali na efikasnosti procesuiranja slu\u0107ajeva treba jo\u0161 mnogo da se radi.<\/p>\n<p>Predsednik Srbije i vladaju\u0107e partije Aleksandar Vu\u010dic\u0301 izjavio da smatra da je razlog pada Srbije na listi RSF \u010dinjenica da jo\u0161 uvek nema presude u slu\u010daju Milana Jovanovic\u0301a, \u010dija je kuc\u0301a zapaljena u decembru 2018. Mi smatramo da postoji mnogo vi\u0161e razloga od toga i savetujemo mu da bi trebalo da izve\u0161taj pro\u010dita pa\u017eljivije.<\/p>\n<p>NUNS,<\/p>\n<ol start=\"23\">\n<li>april 2020. godine<\/li>\n<\/ol>\n<p>&nbsp;<\/p>\n","protected":false},"excerpt":{"rendered":"<p>Nezavisno udru\u017eenje novinara Srbije ne \u010dudi pad Srbije na listi Reportera bez granica (RSF), jer se mogao o\u010dekivati jo\u0161 lo\u0161iji rezultat imaju\u0107i u vidu nivo &hellip; <\/p>\n","protected":false},"author":2,"featured_media":11960,"comment_status":"open","ping_status":"open","sticky":false,"template":"","format":"standard","meta":{"footnotes":""},"categories":[14,2,12],"tags":[2840,4587,63],"_links":{"self":[{"href":"https:\/\/centralmedia.rs\/index.php\/wp-json\/wp\/v2\/posts\/23633"}],"collection":[{"href":"https:\/\/centralmedia.rs\/index.php\/wp-json\/wp\/v2\/posts"}],"about":[{"href":"https:\/\/centralmedia.rs\/index.php\/wp-json\/wp\/v2\/types\/post"}],"author":[{"embeddable":true,"href":"https:\/\/centralmedia.rs\/index.php\/wp-json\/wp\/v2\/users\/2"}],"replies":[{"embeddable":true,"href":"https:\/\/centralmedia.rs\/index.php\/wp-json\/wp\/v2\/comments?post=23633"}],"version-history":[{"count":1,"href":"https:\/\/centralmedia.rs\/index.php\/wp-json\/wp\/v2\/posts\/23633\/revisions"}],"predecessor-version":[{"id":23634,"href":"https:\/\/centralmedia.rs\/index.php\/wp-json\/wp\/v2\/posts\/23633\/revisions\/23634"}],"wp:featuredmedia":[{"embeddable":true,"href":"https:\/\/centralmedia.rs\/index.php\/wp-json\/wp\/v2\/media\/11960"}],"wp:attachment":[{"href":"https:\/\/centralmedia.rs\/index.php\/wp-json\/wp\/v2\/media?parent=23633"}],"wp:term":[{"taxonomy":"category","embeddable":true,"href":"https:\/\/centralmedia.rs\/index.php\/wp-json\/wp\/v2\/categories?post=23633"},{"taxonomy":"post_tag","embeddable":true,"href":"https:\/\/centralmedia.rs\/index.php\/wp-json\/wp\/v2\/tags?post=23633"}],"curies":[{"name":"wp","href":"https:\/\/api.w.org\/{rel}","templated":true}]}}