{"id":23635,"date":"2020-04-23T17:39:48","date_gmt":"2020-04-23T17:39:48","guid":{"rendered":"http:\/\/centralmedia.rs\/?p=23635"},"modified":"2020-04-25T13:14:14","modified_gmt":"2020-04-25T13:14:14","slug":"nova-rs-na-izbore-izlazimo-za-dva-meseca-tri-datuma-u-opticaju","status":"publish","type":"post","link":"https:\/\/centralmedia.rs\/index.php\/2020\/04\/23\/nova-rs-na-izbore-izlazimo-za-dva-meseca-tri-datuma-u-opticaju\/","title":{"rendered":"NOVA.RS &#8211; Na izbore izlazimo za dva meseca: Tri datuma u opticaju"},"content":{"rendered":"<p>U Srbiji \u0107e, sude\u0107i po izjavama predstavnika vlasti, najranije po\u010detkom, a verovatnije sredinom maja biti ukinuto vanredno stanje, a ubrzo nakon tog Republi\u010dka izborna komisija done\u0107e i re\u0161enje kojim \u0107e biti ozvani\u010den nastavak izborne kampanje u Srbiji. U zavisnosti od toga da li \u0107e vanredno stanje biti okon\u010dano posle \u0110ur\u0111evdana ili ne\u0161to kasnije, u igri su tri datuma za odr\u017eavanje izbora &#8211; 21. i 28 jun i 5. jul, prenosi internet portal nova.rs<\/p>\n<p>Prema Uredbi Vlade o prekidu svih izbornih radnji, odmah po ukidanju vanrednog stanja trebalo bi da budu nastavljeni izborni procesi u Srbiji. Me\u0111utim, predsednik Aleksandar Vu\u010di\u0107 rekao je da \u0107e u dogovoru sa ostalim strankama videti da RIK odluku o nastavku izbornih radnji donese \u201cdan, dva ili pet\u201d po okon\u010danju vanrednog stanja.<\/p>\n<p>Uzimaju\u0107i u obzir najave Vu\u010di\u0107a i predstavnika Kriznog \u0161taba, ve\u0107 sada se mo\u017ee napraviti ra\u010dunica kada \u0107e u Srbiji biti odr\u017eani parlamentarni, pokrajinski i lokalni izbori.<\/p>\n<ol start=\"21\">\n<li><strong> jun<\/strong><\/li>\n<\/ol>\n<p>Ukoliko vanredno stanje bude ukinuto odmah posle \u0110ur\u0111evdana, 6. maja, ili prvog slede\u0107eg ponedeljka 11. maja, gra\u0111ani \u0107e na birali\u0161ta iza\u0107i 21. juna. To je prvi mogu\u0107i datum za odr\u017eavanje izbora, ako uzmemo u obzir \u010dinjenicu da je za kampanju ostalo 39 dana i jo\u0161 dva dana za izbornu ti\u0161inu.<\/p>\n<p><strong>Vidovdan<\/strong><\/p>\n<p>Ipak, u politi\u010dkim krugovima se spekuli\u0161e da nije isklju\u010deno da izlazak na birali\u0161ta bude prolongiran za jo\u0161 nedelju dana, odnosno da izbori budu odr\u017eani simboli\u010dno za Vidovdan 28. maja.<\/p>\n<ol start=\"5\">\n<li><strong> jul<\/strong><\/li>\n<\/ol>\n<p>Kao najmanje verovatna opcija pominje se 5. jul, ali na\u0161i izvori navode da \u0107e sve biti u\u010dinjeno da se leto izbegne, budu\u0107i da tada gra\u0111ani tradicionalno nisu kod ku\u0107e.<\/p>\n<p>O datumu odr\u017eavanja izbora predsednik Srbije danas nije \u017eeleo konkretnije da govori. On je rekao da time uop\u0161te ne\u0107e da se bavi, te da je dobio oko 50 poruka novinara sa pitanjem da li \u0107e dan za glasanje biti Vidovdan.<\/p>\n<p>\u201cNe znam i ne mogu da znam. Neki ka\u017eu da stalno odla\u017eem izbore i da se ne prekida vanredno stanje zato \u0161to se pla\u0161im izbornog fijaska. Ovi drugi ka\u017eu da \u017eurim na izbore da bih naplatio ne\u0161to od korone. Hajde ljudi dogovorite se \u0161ta je to ta\u010dno \u0161to radim\u201d, rekao je Vu\u010di\u0107 i dodao da \u0107e izbori biti odr\u017eani u skladu sa zakonom.<\/p>\n<p>Do sada je Republi\u010dkoj izbornoj komisiji predato devet izbornih lista. To su u\u010dinile koalicije oko SNS-a i SPS-a, zatim Savez vojvo\u0111anskih Ma\u0111ara, SRS, SPAS, POKS, UDS, Zavetnici i Stranka pravde i pomirenja.<\/p>\n","protected":false},"excerpt":{"rendered":"<p>U Srbiji \u0107e, sude\u0107i po izjavama predstavnika vlasti, najranije po\u010detkom, a verovatnije sredinom maja biti ukinuto vanredno stanje, a ubrzo nakon tog Republi\u010dka izborna komisija &hellip; <\/p>\n","protected":false},"author":2,"featured_media":2892,"comment_status":"open","ping_status":"open","sticky":false,"template":"","format":"standard","meta":{"footnotes":""},"categories":[2,13,12],"tags":[643,47,1112],"_links":{"self":[{"href":"https:\/\/centralmedia.rs\/index.php\/wp-json\/wp\/v2\/posts\/23635"}],"collection":[{"href":"https:\/\/centralmedia.rs\/index.php\/wp-json\/wp\/v2\/posts"}],"about":[{"href":"https:\/\/centralmedia.rs\/index.php\/wp-json\/wp\/v2\/types\/post"}],"author":[{"embeddable":true,"href":"https:\/\/centralmedia.rs\/index.php\/wp-json\/wp\/v2\/users\/2"}],"replies":[{"embeddable":true,"href":"https:\/\/centralmedia.rs\/index.php\/wp-json\/wp\/v2\/comments?post=23635"}],"version-history":[{"count":2,"href":"https:\/\/centralmedia.rs\/index.php\/wp-json\/wp\/v2\/posts\/23635\/revisions"}],"predecessor-version":[{"id":23637,"href":"https:\/\/centralmedia.rs\/index.php\/wp-json\/wp\/v2\/posts\/23635\/revisions\/23637"}],"wp:featuredmedia":[{"embeddable":true,"href":"https:\/\/centralmedia.rs\/index.php\/wp-json\/wp\/v2\/media\/2892"}],"wp:attachment":[{"href":"https:\/\/centralmedia.rs\/index.php\/wp-json\/wp\/v2\/media?parent=23635"}],"wp:term":[{"taxonomy":"category","embeddable":true,"href":"https:\/\/centralmedia.rs\/index.php\/wp-json\/wp\/v2\/categories?post=23635"},{"taxonomy":"post_tag","embeddable":true,"href":"https:\/\/centralmedia.rs\/index.php\/wp-json\/wp\/v2\/tags?post=23635"}],"curies":[{"name":"wp","href":"https:\/\/api.w.org\/{rel}","templated":true}]}}