{"id":23646,"date":"2020-04-24T14:07:10","date_gmt":"2020-04-24T14:07:10","guid":{"rendered":"http:\/\/centralmedia.rs\/?p=23646"},"modified":"2020-05-07T00:24:03","modified_gmt":"2020-05-07T00:24:03","slug":"vojska-srbije-dezinfikuje-despotovac","status":"publish","type":"post","link":"https:\/\/centralmedia.rs\/index.php\/2020\/04\/24\/vojska-srbije-dezinfikuje-despotovac\/","title":{"rendered":"VOJSKA SRBIJE DEZINFIKUJE DESPOTOVAC"},"content":{"rendered":"<p>DESPOTOVAC- Pripadnici Vojske Srbije, jedinice atomsko-biolo\u0161ko-hemijske odbrane iz Kru\u0161evca, sa zaposlenima u Javno komunalnom preduze\u0107u \u201eStan\u201c, obavljaju dezinfekciju javnih povr\u0161ina u mesnim zajednicama na teritoriji Despotovca.<\/p>\n<p>Na inicijativu predsednika op\u0161tine Despotovac i komandanta \u0160taba za vanredne situacije Nikole Nikoli\u0107a i predsednika Skup\u0161tine op\u0161tine doktora Zlatka Marjanovi\u0107a, upu\u0107en je zahtev za anga\u017eovanje Vojske Srbije u dezinfekciji. Lokalna samouprava je preduzela sve neophodne mere za spre\u010davanje pojave i \u0161irenja korona virusa, ali zbog novonastale situacije, odnosno pove\u0107anja broja pozitivnih na virus Covid19, potrebno je bilo da se dodatna dezinfekcija izvr\u0161i i u seoskim naseljima.<\/p>\n<p>-U okviru akcije suzbijanja korona virusa, uz pomo\u0107 pripadnika Vojske Srbije, u saradnji sa lokalnom samoupravom, organizovali smo tretiranje ulica u mesnim zajednicama sredstvima za dezinfekciju. Ekipa koja \u0107e se baviti dana\u0161njim tretiranjem mesnih zajednica u sastavu je dva kamiona, a vo\u0111a ekipe je stariji vodnik prve klase Obrenovi\u0107 Dragan. Prvi kamion, predvo\u0111en Obradovi\u0107 Stefanom, izvr\u0161i\u0107e dezinfekciju u Medve\u0111i, Grabovici, Zlatovu, Pla\u017eanu, Milivi i Vojniku, dok \u0107e drugim kamionom, koji predvodi Ivica Petrovi\u0107, biti obuhva\u0107eni Strmosten, Jelovac, Stenjevac, Dvori\u0161te i Lomnica. Ova akcija obuhvati\u0107e sve mesne zajednice u op\u0161tini Despotovac u narednom periodu, u skladu sa rasporedom ABHO jedinice iz Kru\u0161evca. Ovom prilikom pozdravljam sve gra\u0111ane op\u0161tine Despotovac i \u017eelim im dobro zdravlje. Po\u0161tujte mere Vlade Republike Srbije, kako bi izbegli ozbiljne posledice koje sa sobom nosi ovaj virus\u201c, ka\u017eu u JKP \u201eStan\u201c.<\/p>\n","protected":false},"excerpt":{"rendered":"<p>DESPOTOVAC- Pripadnici Vojske Srbije, jedinice atomsko-biolo\u0161ko-hemijske odbrane iz Kru\u0161evca, sa zaposlenima u Javno komunalnom preduze\u0107u \u201eStan\u201c, obavljaju dezinfekciju javnih povr\u0161ina u mesnim zajednicama na teritoriji &hellip; <\/p>\n","protected":false},"author":2,"featured_media":23647,"comment_status":"open","ping_status":"open","sticky":false,"template":"","format":"standard","meta":{"footnotes":""},"categories":[1518,14,1524,2,12],"tags":[51,4440,4486,498],"_links":{"self":[{"href":"https:\/\/centralmedia.rs\/index.php\/wp-json\/wp\/v2\/posts\/23646"}],"collection":[{"href":"https:\/\/centralmedia.rs\/index.php\/wp-json\/wp\/v2\/posts"}],"about":[{"href":"https:\/\/centralmedia.rs\/index.php\/wp-json\/wp\/v2\/types\/post"}],"author":[{"embeddable":true,"href":"https:\/\/centralmedia.rs\/index.php\/wp-json\/wp\/v2\/users\/2"}],"replies":[{"embeddable":true,"href":"https:\/\/centralmedia.rs\/index.php\/wp-json\/wp\/v2\/comments?post=23646"}],"version-history":[{"count":1,"href":"https:\/\/centralmedia.rs\/index.php\/wp-json\/wp\/v2\/posts\/23646\/revisions"}],"predecessor-version":[{"id":23648,"href":"https:\/\/centralmedia.rs\/index.php\/wp-json\/wp\/v2\/posts\/23646\/revisions\/23648"}],"wp:featuredmedia":[{"embeddable":true,"href":"https:\/\/centralmedia.rs\/index.php\/wp-json\/wp\/v2\/media\/23647"}],"wp:attachment":[{"href":"https:\/\/centralmedia.rs\/index.php\/wp-json\/wp\/v2\/media?parent=23646"}],"wp:term":[{"taxonomy":"category","embeddable":true,"href":"https:\/\/centralmedia.rs\/index.php\/wp-json\/wp\/v2\/categories?post=23646"},{"taxonomy":"post_tag","embeddable":true,"href":"https:\/\/centralmedia.rs\/index.php\/wp-json\/wp\/v2\/tags?post=23646"}],"curies":[{"name":"wp","href":"https:\/\/api.w.org\/{rel}","templated":true}]}}