{"id":23658,"date":"2020-04-25T13:10:39","date_gmt":"2020-04-25T13:10:39","guid":{"rendered":"http:\/\/centralmedia.rs\/?p=23658"},"modified":"2020-05-07T00:24:17","modified_gmt":"2020-05-07T00:24:17","slug":"posle-javnog-zigosanja-da-su-zarazili-zajecar-koronom-rudari-zahtevaju-izvinjenje-od-boska-nicica","status":"publish","type":"post","link":"https:\/\/centralmedia.rs\/index.php\/2020\/04\/25\/posle-javnog-zigosanja-da-su-zarazili-zajecar-koronom-rudari-zahtevaju-izvinjenje-od-boska-nicica\/","title":{"rendered":"POSLE JAVNOG \u017dIGOSANJA DA SU ZARAZILI ZAJE\u010cAR KORONOM &#8211;  RUDARI ZAHTEVAJU IZVINJENJE OD BO\u0160KA NI\u010cI\u0106A"},"content":{"rendered":"<p>RESAVICA- Sidnikat radnika Javnog preduze\u0107a za podzemnu eksploataciju uglja ,,Resavica&#8221; uputio je komandantu \u0160taba za vanredne situacije u Zaje\u010daru Bo\u0161ku Ni\u010di\u0107u zahtev za izvinjenje rudarima jamskih rudnika u Srbiji i rudnika ,,Lubnica&#8221;, posle sramne izjave u medijima da su oni krivi za \u0161irenje zaraze koronavirusom u tom gradu.<\/p>\n<p>&#8211; Imaju\u0107i u vidu da ste Va\u0161im nastupima u medijima ozna\u010dili rudare rudnika ,,Lubnica&#8221; kao krivce za pojavu koronavirusa u Zaje\u010daru, zahtevamo da uputite javno izvinjenje rudarima, jer je u Zaje\u010daru bilo 30 pozitivnih osoba na koronavirus pre prvog slu\u010daja me\u0111u rudarima, stoji u zahtevu sidinakata rudnika sa jamskom eksploatacijom uglja.<\/p>\n<p><img loading=\"lazy\" decoding=\"async\" class=\"alignnone wp-image-23661 size-large\" src=\"http:\/\/centralmedia.rs\/wp-content\/uploads\/2020\/04\/sindikat-rudari-768x1024.jpg\" alt=\"\" width=\"640\" height=\"853\" srcset=\"https:\/\/centralmedia.rs\/wp-content\/uploads\/2020\/04\/sindikat-rudari-768x1024.jpg 768w, https:\/\/centralmedia.rs\/wp-content\/uploads\/2020\/04\/sindikat-rudari-225x300.jpg 225w, https:\/\/centralmedia.rs\/wp-content\/uploads\/2020\/04\/sindikat-rudari-315x420.jpg 315w, https:\/\/centralmedia.rs\/wp-content\/uploads\/2020\/04\/sindikat-rudari-640x853.jpg 640w, https:\/\/centralmedia.rs\/wp-content\/uploads\/2020\/04\/sindikat-rudari-681x908.jpg 681w, https:\/\/centralmedia.rs\/wp-content\/uploads\/2020\/04\/sindikat-rudari.jpg 1200w\" sizes=\"(max-width: 640px) 100vw, 640px\" \/><\/p>\n<p>Pored toga, sidikat rudara JP PEU se na dru\u0161tvenim mre\u017eama obratio Ni\u010di\u0107u, ina\u010de gradona\u010dleniku Zaje\u010dara, i zatra\u017eio odgovore na vi\u0161e pitanja, izme\u0111u ostalog ,,Za\u0161to u \u0160tabu za vanredne situacije nema ni jednog \u010dlana iz dva rudnika na podru\u010dju Zaje\u010dara?&#8221; i ,,Da li znate da u ,,Lubinici&#8221; rade rudari iz nekoliko susednih op\u0161tina, \u0161to govori u suprot tezi da su rudari krivi za \u0161irenje zaraze koronom u Zaje\u010daru?<\/p>\n<p>&#8211; Gradona\u010delnik Zaje\u010dara,preuzeo je ulogu zdravstvenih radnika i tra\u017eio da se testiraju svi radnici Rudnika ,,Lubnica&#8221;,jer je on li\u010dno video patroliraju\u0107i kroz grad, da ljudi u autobusu ne nose maske. No\u0161enje maski nije obavezno,osim ako neko nema simptome, a testiraju se samo koji imaju simptome i kontakte sa zarazenima na predlog zdravstvenih radnika,a ne na predlog gradona\u010delnika. Rudari su zbog prirode posla upu\u0107eni jedni na druge, zajedno putuju,kupaju se u zajedni\u010dkom kupatilu,obeduju zajedno,obavljaju najte\u017ee poslove zajedno jedan do drugog. Koronavirus je u Zaje\u010daru registrovan kod dvadesetak gra\u0111ana jo\u0161 po\u010detkom marta, pa nije tra\u017eeno kolektivno testiranje celog grada. Na teritoriji Grada Zaje\u010dara su dva rudnika. Mogao je gradona\u010delnik da uzme nekog iz rudnika u Krizni \u0161tab, upozori \u0161ta je primetio, sugeri\u0161e da se ne\u0161to promeni. Odlu\u010dio je suprotno. Javnim nastupom je samo poku\u0161ao da predstavi rudare neodgovornim, a za sebe prikupi politi\u010dke poene za izbore koji slede na Vidovdan. Rudari nisu neodgovorni,oni su morali da idu na posao na osnovu Odluke Vlade Srbije i to \u0161to nisu nosili maske, ne zna\u010di da su svesno \u0161irili zarazu. Mo\u017eda su rudari virus dobili od tih ranije zara\u017eenih, gospodine gradona\u010delni\u010de!? Ali,izbori se bli\u017ee, borba kre\u0107e, obuci se u skafander, kao da si na infektivnoj klinici i le\u010di\u0161 stotine zara\u017eenih, iza\u0111i na TV i pljuni na one koji rade najte\u017ei i najrizi\u010dniji posao. Pa,za rudare je rizik od virusa sme\u0161an u odnosu na svakodnevni silazak pod zemlju,gradona\u010delni\u010de!!!, stoji u tekstu koji je potpisao Neboj\u0161a Milenkovi\u0107, predsednik\u00a0 sindikata radnika JP PEU &#8220;Resavica&#8221;<\/p>\n","protected":false},"excerpt":{"rendered":"<p>RESAVICA- Sidnikat radnika Javnog preduze\u0107a za podzemnu eksploataciju uglja ,,Resavica&#8221; uputio je komandantu \u0160taba za vanredne situacije u Zaje\u010daru Bo\u0161ku Ni\u010di\u0107u zahtev za izvinjenje rudarima &hellip; <\/p>\n","protected":false},"author":2,"featured_media":23659,"comment_status":"open","ping_status":"open","sticky":false,"template":"","format":"standard","meta":{"footnotes":""},"categories":[1518,14,1524,2,12],"tags":[4592,51,4440,4591,53,52,4486,1450],"_links":{"self":[{"href":"https:\/\/centralmedia.rs\/index.php\/wp-json\/wp\/v2\/posts\/23658"}],"collection":[{"href":"https:\/\/centralmedia.rs\/index.php\/wp-json\/wp\/v2\/posts"}],"about":[{"href":"https:\/\/centralmedia.rs\/index.php\/wp-json\/wp\/v2\/types\/post"}],"author":[{"embeddable":true,"href":"https:\/\/centralmedia.rs\/index.php\/wp-json\/wp\/v2\/users\/2"}],"replies":[{"embeddable":true,"href":"https:\/\/centralmedia.rs\/index.php\/wp-json\/wp\/v2\/comments?post=23658"}],"version-history":[{"count":2,"href":"https:\/\/centralmedia.rs\/index.php\/wp-json\/wp\/v2\/posts\/23658\/revisions"}],"predecessor-version":[{"id":23662,"href":"https:\/\/centralmedia.rs\/index.php\/wp-json\/wp\/v2\/posts\/23658\/revisions\/23662"}],"wp:featuredmedia":[{"embeddable":true,"href":"https:\/\/centralmedia.rs\/index.php\/wp-json\/wp\/v2\/media\/23659"}],"wp:attachment":[{"href":"https:\/\/centralmedia.rs\/index.php\/wp-json\/wp\/v2\/media?parent=23658"}],"wp:term":[{"taxonomy":"category","embeddable":true,"href":"https:\/\/centralmedia.rs\/index.php\/wp-json\/wp\/v2\/categories?post=23658"},{"taxonomy":"post_tag","embeddable":true,"href":"https:\/\/centralmedia.rs\/index.php\/wp-json\/wp\/v2\/tags?post=23658"}],"curies":[{"name":"wp","href":"https:\/\/api.w.org\/{rel}","templated":true}]}}