{"id":23672,"date":"2020-04-25T19:11:02","date_gmt":"2020-04-25T19:11:02","guid":{"rendered":"http:\/\/centralmedia.rs\/?p=23672"},"modified":"2020-05-07T00:25:01","modified_gmt":"2020-05-07T00:25:01","slug":"korona-u-svilajncu-pod-kontrolom","status":"publish","type":"post","link":"https:\/\/centralmedia.rs\/index.php\/2020\/04\/25\/korona-u-svilajncu-pod-kontrolom\/","title":{"rendered":"KORONA U SVILAJNCU POD KONTROLOM"},"content":{"rendered":"<p>SVILAJNAC- Od dvadeset troje Svilajn\u010dana, koliko je testirano u prethodna dva dana, dve osobe su pozitivne na kovid-19, potvr\u0111eno je TV CENTRU u svilajna\u010dkom Domu zdravlja. Od po\u010detka epidemije, u Svilajncu je zvani\u010dno registrovan 21 pacijent sa infekcijom koronavirusa od koji je osmoro izle\u010deno. Na bolni\u010dkom le\u010denju trenutno se nalazi devetoro pacijenata, dok su dve osobe sa lak\u0161im simptomima sme\u0161tene u privremenu bolnicu na Beogradskom sajmu.<\/p>\n","protected":false},"excerpt":{"rendered":"<p>SVILAJNAC- Od dvadeset troje Svilajn\u010dana, koliko je testirano u prethodna dva dana, dve osobe su pozitivne na kovid-19, potvr\u0111eno je TV CENTRU u svilajna\u010dkom Domu &hellip; <\/p>\n","protected":false},"author":2,"featured_media":23541,"comment_status":"open","ping_status":"open","sticky":false,"template":"","format":"standard","meta":{"footnotes":""},"categories":[14,1524,2,12,1517],"tags":[4440,38],"_links":{"self":[{"href":"https:\/\/centralmedia.rs\/index.php\/wp-json\/wp\/v2\/posts\/23672"}],"collection":[{"href":"https:\/\/centralmedia.rs\/index.php\/wp-json\/wp\/v2\/posts"}],"about":[{"href":"https:\/\/centralmedia.rs\/index.php\/wp-json\/wp\/v2\/types\/post"}],"author":[{"embeddable":true,"href":"https:\/\/centralmedia.rs\/index.php\/wp-json\/wp\/v2\/users\/2"}],"replies":[{"embeddable":true,"href":"https:\/\/centralmedia.rs\/index.php\/wp-json\/wp\/v2\/comments?post=23672"}],"version-history":[{"count":1,"href":"https:\/\/centralmedia.rs\/index.php\/wp-json\/wp\/v2\/posts\/23672\/revisions"}],"predecessor-version":[{"id":23673,"href":"https:\/\/centralmedia.rs\/index.php\/wp-json\/wp\/v2\/posts\/23672\/revisions\/23673"}],"wp:featuredmedia":[{"embeddable":true,"href":"https:\/\/centralmedia.rs\/index.php\/wp-json\/wp\/v2\/media\/23541"}],"wp:attachment":[{"href":"https:\/\/centralmedia.rs\/index.php\/wp-json\/wp\/v2\/media?parent=23672"}],"wp:term":[{"taxonomy":"category","embeddable":true,"href":"https:\/\/centralmedia.rs\/index.php\/wp-json\/wp\/v2\/categories?post=23672"},{"taxonomy":"post_tag","embeddable":true,"href":"https:\/\/centralmedia.rs\/index.php\/wp-json\/wp\/v2\/tags?post=23672"}],"curies":[{"name":"wp","href":"https:\/\/api.w.org\/{rel}","templated":true}]}}