{"id":23680,"date":"2020-04-26T21:03:39","date_gmt":"2020-04-26T21:03:39","guid":{"rendered":"http:\/\/centralmedia.rs\/?p=23680"},"modified":"2020-05-07T00:25:08","modified_gmt":"2020-05-07T00:25:08","slug":"nastavak-radova-posle-pauze-rekonstrukcija-puta-svilajnac-markovac","status":"publish","type":"post","link":"https:\/\/centralmedia.rs\/index.php\/2020\/04\/26\/nastavak-radova-posle-pauze-rekonstrukcija-puta-svilajnac-markovac\/","title":{"rendered":"NASTAVAK RADOVA POSLE PAUZE &#8211; REKONSTRUKCIJA PUTA SVILAJNAC-MARKOVAC"},"content":{"rendered":"<p>SVILAJNAC- Posle pauze zbog restriktivnih mera uzrokovanih epidemijom korona virusa nastavljeni su radovi na rekonstrukciji regionalnog puta Svilajnac-Markovac.<\/p>\n<p>&#8211; Radi se potpuna rekonstrukcija puta Svilajnac-Markovac u du\u017eini od 6 kilometara. Prva deonica duga oko 2,5 kilometra nalazi se na teritoriji op\u0161tine Svilajnac. Vrednost investicije na teritoriji na\u0161e op\u0161tine je oko million evra, dok je vrednost celokupne investicije oko 2,5 miliona evra. Ovog vikenda je na radovima anga\u017eovano preko 100 radnika i tridesetak ma\u0161ina kako bi sve i\u0161lo po planu i kako bi narednog vikenda mogao da bude ura\u0111en zavr\u0161ni sloj asfalta. Radovi se finansiraju iz kredita Svetske banke preko Ministarstva gra\u0111evinarstva, saobra\u0107aja i infrastrukture, izjavio je predsednik op\u0161tine Svilajnac Predrag Milanovi\u0107. Radove na rekonstrukciji puta izvodi preduze\u0107e za puteve \u201eSrbija auto-put\u201d.<\/p>\n<div id='gallery-1' class='gallery galleryid-23680 gallery-columns-2 gallery-size-full'><figure class='gallery-item'>\n\t\t\t<div class='gallery-icon landscape'>\n\t\t\t\t<a href='https:\/\/centralmedia.rs\/index.php\/2020\/04\/26\/nastavak-radova-posle-pauze-rekonstrukcija-puta-svilajnac-markovac\/asfaltiranje-mosta\/'><img loading=\"lazy\" decoding=\"async\" width=\"2048\" height=\"1365\" src=\"https:\/\/centralmedia.rs\/wp-content\/uploads\/2020\/04\/asfaltiranje-mosta.jpg\" class=\"attachment-full size-full\" alt=\"\" srcset=\"https:\/\/centralmedia.rs\/wp-content\/uploads\/2020\/04\/asfaltiranje-mosta.jpg 2048w, https:\/\/centralmedia.rs\/wp-content\/uploads\/2020\/04\/asfaltiranje-mosta-300x200.jpg 300w, https:\/\/centralmedia.rs\/wp-content\/uploads\/2020\/04\/asfaltiranje-mosta-768x512.jpg 768w, https:\/\/centralmedia.rs\/wp-content\/uploads\/2020\/04\/asfaltiranje-mosta-1024x683.jpg 1024w, https:\/\/centralmedia.rs\/wp-content\/uploads\/2020\/04\/asfaltiranje-mosta-630x420.jpg 630w, https:\/\/centralmedia.rs\/wp-content\/uploads\/2020\/04\/asfaltiranje-mosta-640x427.jpg 640w, https:\/\/centralmedia.rs\/wp-content\/uploads\/2020\/04\/asfaltiranje-mosta-681x454.jpg 681w\" sizes=\"(max-width: 2048px) 100vw, 2048px\" \/><\/a>\n\t\t\t<\/div><\/figure><figure class='gallery-item'>\n\t\t\t<div class='gallery-icon landscape'>\n\t\t\t\t<a href='https:\/\/centralmedia.rs\/index.php\/2020\/04\/26\/nastavak-radova-posle-pauze-rekonstrukcija-puta-svilajnac-markovac\/asfaltiranje-puta\/'><img loading=\"lazy\" decoding=\"async\" width=\"2048\" height=\"1365\" src=\"https:\/\/centralmedia.rs\/wp-content\/uploads\/2020\/04\/asfaltiranje-puta.jpg\" class=\"attachment-full size-full\" alt=\"\" srcset=\"https:\/\/centralmedia.rs\/wp-content\/uploads\/2020\/04\/asfaltiranje-puta.jpg 2048w, https:\/\/centralmedia.rs\/wp-content\/uploads\/2020\/04\/asfaltiranje-puta-300x200.jpg 300w, https:\/\/centralmedia.rs\/wp-content\/uploads\/2020\/04\/asfaltiranje-puta-768x512.jpg 768w, https:\/\/centralmedia.rs\/wp-content\/uploads\/2020\/04\/asfaltiranje-puta-1024x683.jpg 1024w, https:\/\/centralmedia.rs\/wp-content\/uploads\/2020\/04\/asfaltiranje-puta-630x420.jpg 630w, https:\/\/centralmedia.rs\/wp-content\/uploads\/2020\/04\/asfaltiranje-puta-640x427.jpg 640w, https:\/\/centralmedia.rs\/wp-content\/uploads\/2020\/04\/asfaltiranje-puta-681x454.jpg 681w\" sizes=\"(max-width: 2048px) 100vw, 2048px\" \/><\/a>\n\t\t\t<\/div><\/figure>\n\t\t<\/div>\n\n<p>Pored asfaltiranja regionalnog puta, radi se i asfaltiranje mosta preko Velike Morave koji se nalazi na samom ulazu u Svilajnac, u saradnji sa PZP \u201cKragujevac\u201d koje radi na odr\u017eavanju ovog puta.<br \/>\n-Most na Moravi predstavlja usko grlo na ulazu u Svilajnac, i ovaj most je prethodno rekonstruisan, u ovom obimu, pre 32 godine kada su drvene daske zamenjene asfaltom. Tad se rekonstrukcija radila oko 6 meseci. S obzirom na to da se, pored zna\u010dajnih izvoznih brendova koji ve\u0107 rade u Svilajncu, ove godine otvaraju tri nove fabrike mislim da je vreme da Svilajnac dobije novi most sa obilaznicom. O tom poslu bi trebalo da se dogovore Vlada Srbije i Svilajnac , dodaje Milanovi\u0107.<\/p>\n<p>U toku jeseni predvi\u0111ena je izgradnja 12 kilometara puta Svilajnac-Despotovac, \u0161to \u0107e unaprediti saobra\u0107ajnu infrastrukturu. Radovi na regulaciji reke Resave i izgradnji sportske hale u Srednjoj \u0161koli nisu obustavljani i privode se kraju.<\/p>\n","protected":false},"excerpt":{"rendered":"<p>SVILAJNAC- Posle pauze zbog restriktivnih mera uzrokovanih epidemijom korona virusa nastavljeni su radovi na rekonstrukciji regionalnog puta Svilajnac-Markovac. &#8211; Radi se potpuna rekonstrukcija puta Svilajnac-Markovac &hellip; <\/p>\n","protected":false},"author":2,"featured_media":23681,"comment_status":"open","ping_status":"open","sticky":false,"template":"","format":"standard","meta":{"footnotes":""},"categories":[22,1524,2,887,12,1517],"tags":[3247,3295,38],"_links":{"self":[{"href":"https:\/\/centralmedia.rs\/index.php\/wp-json\/wp\/v2\/posts\/23680"}],"collection":[{"href":"https:\/\/centralmedia.rs\/index.php\/wp-json\/wp\/v2\/posts"}],"about":[{"href":"https:\/\/centralmedia.rs\/index.php\/wp-json\/wp\/v2\/types\/post"}],"author":[{"embeddable":true,"href":"https:\/\/centralmedia.rs\/index.php\/wp-json\/wp\/v2\/users\/2"}],"replies":[{"embeddable":true,"href":"https:\/\/centralmedia.rs\/index.php\/wp-json\/wp\/v2\/comments?post=23680"}],"version-history":[{"count":1,"href":"https:\/\/centralmedia.rs\/index.php\/wp-json\/wp\/v2\/posts\/23680\/revisions"}],"predecessor-version":[{"id":23684,"href":"https:\/\/centralmedia.rs\/index.php\/wp-json\/wp\/v2\/posts\/23680\/revisions\/23684"}],"wp:featuredmedia":[{"embeddable":true,"href":"https:\/\/centralmedia.rs\/index.php\/wp-json\/wp\/v2\/media\/23681"}],"wp:attachment":[{"href":"https:\/\/centralmedia.rs\/index.php\/wp-json\/wp\/v2\/media?parent=23680"}],"wp:term":[{"taxonomy":"category","embeddable":true,"href":"https:\/\/centralmedia.rs\/index.php\/wp-json\/wp\/v2\/categories?post=23680"},{"taxonomy":"post_tag","embeddable":true,"href":"https:\/\/centralmedia.rs\/index.php\/wp-json\/wp\/v2\/tags?post=23680"}],"curies":[{"name":"wp","href":"https:\/\/api.w.org\/{rel}","templated":true}]}}