{"id":2369,"date":"2016-03-12T23:49:08","date_gmt":"2016-03-12T23:49:08","guid":{"rendered":"http:\/\/centralmedia.rs\/?p=2369"},"modified":"2016-03-12T23:49:41","modified_gmt":"2016-03-12T23:49:41","slug":"svilajncani-spremili-5-000-dzakova","status":"publish","type":"post","link":"https:\/\/centralmedia.rs\/index.php\/2016\/03\/12\/svilajncani-spremili-5-000-dzakova\/","title":{"rendered":"SVILAJN\u010cANI SPREMILI 5.000 D\u017dAKOVA"},"content":{"rendered":"<p>POMORAVLJE- Imaju\u0107i u vidu da je RHMZ za nedelju i ponedeljak najavio obilne padavine u centralnim predelima lokalno oko 40 milimetara u Svilajncu, Para\u0107inu i \u0106upriji su sve slu\u017ebe u stanju pripravnosti. Svilajn\u010dani su posle progla\u0161enja vanrednih mera odbrane od poplava na teritoriji Srbije stavili sve komunalne slu\u017ebe sa vi\u0161e desetina zaposlenih u stanje pripravnosti i napunili 5.000 vre\u0107a sa peskom. \u0160tab za vanredne situacije op\u0161tine Para\u0107in uveo je pripravnost javnih preduze\u0107a, komunalne inspekcije, policije i poverenika civilne za\u0161tite. Saop\u0161teno je da vodostaj na Velikoj Moravi, kod \u010cepura raste, tako da postoji mogu\u0107nost da se ponovo donese odluka o zatvaranju lokalnog puta Para\u0107in \u2013 Ra\u0161evica. \u0160tab je doneo odluku da se obrati Srbijavodama i zatra\u017ei instrukcije da li i na koji na\u010din treba da deluje na Crnici u slu\u010daju opasnosti.<br \/>\nOperativni tim za odbranu od poplava dostavio je \u0160tabu plan odbrane, plan raspolo\u017eive mahanizacije i ljudstva, plan potrebnog broja ljudi i ostale opreme. Tako\u0111e, dostavljen je plan evakuacije ljudstva i materijalnih dobara, po reonima, u sluja\u010du opasnosti od elementarne nepogode.<br \/>\nSprovode\u0107i naredbu \u0160taba za vanredne situacije u \u0106upriji su sanirana su sva kriti\u010dna mesta na reci Mirosavi kod Paljana i Ivankovca, kako bi bila spre\u010dena mogu\u0107nost izlivanja vode na plodno zemlji\u0161t. Saniran su Jova\u010dki potok i reka Ravanica kod Senja .<br \/>\nPredsednik Skup\u0161tine grada Jagodina  Dragan Markovi\u0107 &#8211; Palma izjavio je ve\u010deras da Jagodina nije u vanrednom stanju, jer je, kako je rekao, na vreme o\u010distila korita reka koje se u maju 2014. godina poplavile nekoliko sela Jagodine.<\/p>\n","protected":false},"excerpt":{"rendered":"<p>POMORAVLJE- Imaju\u0107i u vidu da je RHMZ za nedelju i ponedeljak najavio obilne padavine u centralnim predelima lokalno oko 40 milimetara u Svilajncu, Para\u0107inu i &hellip; <\/p>\n","protected":false},"author":4,"featured_media":2370,"comment_status":"open","ping_status":"open","sticky":false,"template":"","format":"standard","meta":{"footnotes":""},"categories":[20,2,12],"tags":[352,612,613],"_links":{"self":[{"href":"https:\/\/centralmedia.rs\/index.php\/wp-json\/wp\/v2\/posts\/2369"}],"collection":[{"href":"https:\/\/centralmedia.rs\/index.php\/wp-json\/wp\/v2\/posts"}],"about":[{"href":"https:\/\/centralmedia.rs\/index.php\/wp-json\/wp\/v2\/types\/post"}],"author":[{"embeddable":true,"href":"https:\/\/centralmedia.rs\/index.php\/wp-json\/wp\/v2\/users\/4"}],"replies":[{"embeddable":true,"href":"https:\/\/centralmedia.rs\/index.php\/wp-json\/wp\/v2\/comments?post=2369"}],"version-history":[{"count":0,"href":"https:\/\/centralmedia.rs\/index.php\/wp-json\/wp\/v2\/posts\/2369\/revisions"}],"wp:featuredmedia":[{"embeddable":true,"href":"https:\/\/centralmedia.rs\/index.php\/wp-json\/wp\/v2\/media\/2370"}],"wp:attachment":[{"href":"https:\/\/centralmedia.rs\/index.php\/wp-json\/wp\/v2\/media?parent=2369"}],"wp:term":[{"taxonomy":"category","embeddable":true,"href":"https:\/\/centralmedia.rs\/index.php\/wp-json\/wp\/v2\/categories?post=2369"},{"taxonomy":"post_tag","embeddable":true,"href":"https:\/\/centralmedia.rs\/index.php\/wp-json\/wp\/v2\/tags?post=2369"}],"curies":[{"name":"wp","href":"https:\/\/api.w.org\/{rel}","templated":true}]}}