{"id":23718,"date":"2020-04-29T19:25:50","date_gmt":"2020-04-29T19:25:50","guid":{"rendered":"http:\/\/centralmedia.rs\/?p=23718"},"modified":"2020-05-07T00:27:23","modified_gmt":"2020-05-07T00:27:23","slug":"ulica-u-drenovcu","status":"publish","type":"post","link":"https:\/\/centralmedia.rs\/index.php\/2020\/04\/29\/ulica-u-drenovcu\/","title":{"rendered":"ULICA U DRENOVCU"},"content":{"rendered":"<p>PARA\u0106IN- U toku je izgradnja jo\u0161 jedne ulice u Drenovcu, re\u010d o Sin\u0111elievoj ulici u blizini \u0161kole. To je \u00a0druga ulica ove gra\u0111evinske sezone, a me\u0161tani ka\u017eu da \u0107e izgradnjom ulica dobiti zaikru\u017eenu celinu i bolje funkcionisanje saobra\u0107aja.<\/p>\n<div id='gallery-1' class='gallery galleryid-23718 gallery-columns-3 gallery-size-full'><figure class='gallery-item'>\n\t\t\t<div class='gallery-icon landscape'>\n\t\t\t\t<a href='https:\/\/centralmedia.rs\/index.php\/2020\/04\/29\/ulica-u-drenovcu\/drenovac1\/'><img loading=\"lazy\" decoding=\"async\" width=\"2048\" height=\"1152\" src=\"https:\/\/centralmedia.rs\/wp-content\/uploads\/2020\/04\/drenovac1.jpg\" class=\"attachment-full size-full\" alt=\"\" srcset=\"https:\/\/centralmedia.rs\/wp-content\/uploads\/2020\/04\/drenovac1.jpg 2048w, https:\/\/centralmedia.rs\/wp-content\/uploads\/2020\/04\/drenovac1-300x169.jpg 300w, https:\/\/centralmedia.rs\/wp-content\/uploads\/2020\/04\/drenovac1-768x432.jpg 768w, https:\/\/centralmedia.rs\/wp-content\/uploads\/2020\/04\/drenovac1-1024x576.jpg 1024w, https:\/\/centralmedia.rs\/wp-content\/uploads\/2020\/04\/drenovac1-747x420.jpg 747w, https:\/\/centralmedia.rs\/wp-content\/uploads\/2020\/04\/drenovac1-640x360.jpg 640w, https:\/\/centralmedia.rs\/wp-content\/uploads\/2020\/04\/drenovac1-681x383.jpg 681w\" sizes=\"(max-width: 2048px) 100vw, 2048px\" \/><\/a>\n\t\t\t<\/div><\/figure><figure class='gallery-item'>\n\t\t\t<div class='gallery-icon landscape'>\n\t\t\t\t<a href='https:\/\/centralmedia.rs\/index.php\/2020\/04\/29\/ulica-u-drenovcu\/drenovac2\/'><img loading=\"lazy\" decoding=\"async\" width=\"2048\" height=\"1152\" src=\"https:\/\/centralmedia.rs\/wp-content\/uploads\/2020\/04\/drenovac2.jpg\" class=\"attachment-full size-full\" alt=\"\" srcset=\"https:\/\/centralmedia.rs\/wp-content\/uploads\/2020\/04\/drenovac2.jpg 2048w, https:\/\/centralmedia.rs\/wp-content\/uploads\/2020\/04\/drenovac2-300x169.jpg 300w, https:\/\/centralmedia.rs\/wp-content\/uploads\/2020\/04\/drenovac2-768x432.jpg 768w, https:\/\/centralmedia.rs\/wp-content\/uploads\/2020\/04\/drenovac2-1024x576.jpg 1024w, https:\/\/centralmedia.rs\/wp-content\/uploads\/2020\/04\/drenovac2-747x420.jpg 747w, https:\/\/centralmedia.rs\/wp-content\/uploads\/2020\/04\/drenovac2-640x360.jpg 640w, https:\/\/centralmedia.rs\/wp-content\/uploads\/2020\/04\/drenovac2-681x383.jpg 681w\" sizes=\"(max-width: 2048px) 100vw, 2048px\" \/><\/a>\n\t\t\t<\/div><\/figure><figure class='gallery-item'>\n\t\t\t<div class='gallery-icon landscape'>\n\t\t\t\t<a href='https:\/\/centralmedia.rs\/index.php\/2020\/04\/29\/ulica-u-drenovcu\/drenovac3\/'><img loading=\"lazy\" decoding=\"async\" width=\"1312\" height=\"640\" src=\"https:\/\/centralmedia.rs\/wp-content\/uploads\/2020\/04\/drenovac3.jpg\" class=\"attachment-full size-full\" alt=\"\" srcset=\"https:\/\/centralmedia.rs\/wp-content\/uploads\/2020\/04\/drenovac3.jpg 1312w, https:\/\/centralmedia.rs\/wp-content\/uploads\/2020\/04\/drenovac3-300x146.jpg 300w, https:\/\/centralmedia.rs\/wp-content\/uploads\/2020\/04\/drenovac3-768x375.jpg 768w, https:\/\/centralmedia.rs\/wp-content\/uploads\/2020\/04\/drenovac3-1024x500.jpg 1024w, https:\/\/centralmedia.rs\/wp-content\/uploads\/2020\/04\/drenovac3-861x420.jpg 861w, https:\/\/centralmedia.rs\/wp-content\/uploads\/2020\/04\/drenovac3-640x312.jpg 640w, https:\/\/centralmedia.rs\/wp-content\/uploads\/2020\/04\/drenovac3-681x332.jpg 681w\" sizes=\"(max-width: 1312px) 100vw, 1312px\" \/><\/a>\n\t\t\t<\/div><\/figure>\n\t\t<\/div>\n\n","protected":false},"excerpt":{"rendered":"<p>PARA\u0106IN- U toku je izgradnja jo\u0161 jedne ulice u Drenovcu, re\u010d o Sin\u0111elievoj ulici u blizini \u0161kole. To je \u00a0druga ulica ove gra\u0111evinske sezone, a &hellip; <\/p>\n","protected":false},"author":2,"featured_media":23719,"comment_status":"open","ping_status":"open","sticky":false,"template":"","format":"standard","meta":{"footnotes":""},"categories":[1524,2,1516,887,16,12],"tags":[3247,988,3983],"_links":{"self":[{"href":"https:\/\/centralmedia.rs\/index.php\/wp-json\/wp\/v2\/posts\/23718"}],"collection":[{"href":"https:\/\/centralmedia.rs\/index.php\/wp-json\/wp\/v2\/posts"}],"about":[{"href":"https:\/\/centralmedia.rs\/index.php\/wp-json\/wp\/v2\/types\/post"}],"author":[{"embeddable":true,"href":"https:\/\/centralmedia.rs\/index.php\/wp-json\/wp\/v2\/users\/2"}],"replies":[{"embeddable":true,"href":"https:\/\/centralmedia.rs\/index.php\/wp-json\/wp\/v2\/comments?post=23718"}],"version-history":[{"count":3,"href":"https:\/\/centralmedia.rs\/index.php\/wp-json\/wp\/v2\/posts\/23718\/revisions"}],"predecessor-version":[{"id":23725,"href":"https:\/\/centralmedia.rs\/index.php\/wp-json\/wp\/v2\/posts\/23718\/revisions\/23725"}],"wp:featuredmedia":[{"embeddable":true,"href":"https:\/\/centralmedia.rs\/index.php\/wp-json\/wp\/v2\/media\/23719"}],"wp:attachment":[{"href":"https:\/\/centralmedia.rs\/index.php\/wp-json\/wp\/v2\/media?parent=23718"}],"wp:term":[{"taxonomy":"category","embeddable":true,"href":"https:\/\/centralmedia.rs\/index.php\/wp-json\/wp\/v2\/categories?post=23718"},{"taxonomy":"post_tag","embeddable":true,"href":"https:\/\/centralmedia.rs\/index.php\/wp-json\/wp\/v2\/tags?post=23718"}],"curies":[{"name":"wp","href":"https:\/\/api.w.org\/{rel}","templated":true}]}}