{"id":23738,"date":"2020-04-29T19:44:34","date_gmt":"2020-04-29T19:44:34","guid":{"rendered":"http:\/\/centralmedia.rs\/?p=23738"},"modified":"2020-05-07T00:27:04","modified_gmt":"2020-05-07T00:27:04","slug":"intervju-lsitu-danas-paunovic-glavni-teret-krize-snosi-zdravstvo","status":"publish","type":"post","link":"https:\/\/centralmedia.rs\/index.php\/2020\/04\/29\/intervju-lsitu-danas-paunovic-glavni-teret-krize-snosi-zdravstvo\/","title":{"rendered":"Intervju listu Danas &#8211; Paunovi\u0107: Glavni teret krize snosi zdravstvo"},"content":{"rendered":"<p>Predsednik op\u0161tine i komandat \u0160taba za vanredne situacije, Sa\u0161a Paunovi\u0107 je, govore\u0107i za list \u201cDanas\u201d, o funkcionisanju op\u0161tine Para\u0107in, rekao da se pored ostalog u ovom trenutku sve lokalne vlasti nalaze u potpunom kolapsu, izazvanim padom prihoda zbog zastoja u privredi i omogu\u0107avanja nepla\u0107anja komunalnih usluga, koje se i dalje moraju isporu\u010divati, dok su op\u0161tine du\u017ene da sve svoje obaveze dr\u017eavi ispla\u0107aju na vreme, da im ne bi\u00a0bili obustavljeni transferi i deo poreza na zarade. To nije odr\u017eivo, smatra Paunovi\u0107, o\u010dekuju\u0107i da bi trebalo da se pokrenu mere za pomo\u0107 lokalnim vlastima, a konkretni predlozi upu\u0107eni su Stalnoj konferenciji op\u0161tina i gradova i nadle\u017enim institucijama. Na pitanje da li u Para\u0107inu ima problema u sprovo\u0111enju mera tokom vanrednog stanja, Paunovi\u0107 je rekao da nema, ali da lokalna samouprava malo \u0161ta mo\u017ee da u\u010dini, osim da pru\u017ea pomo\u0107 onima koji su se na\u0161li u stanju socijalne potrebe i da odr\u017eava osnovne komunalne sisteme u funkciji.<br \/>\nGlavni teret krize snosi zdravstvo, smatra Paunovi\u0107, a u odgovoru na pitanje o tome \u0161ta bi on u\u010dinio, ka\u017ee: \u201cPostoji jedna mera koju bih sutra ujutro kad do\u0111em na posao sproveo, da sam ministar zdravlja ili predsednik vlade. Svi lekari, medicinske sestre i tehni\u010dari, voza\u010di hitne pomo\u0107i i drugih vozila za prevoz pacijenata koji su pozitivni na korona virus, sve sprema\u010dice, svi drugi izlo\u017eeni radnici u zdravstvu, koji kroz ovu situaciju prolaze sa ugovorima o radu na odre\u0111eno vreme, dobili bi re\u0161enje \u201cza stalno\u201d.<\/p>\n","protected":false},"excerpt":{"rendered":"<p>Predsednik op\u0161tine i komandat \u0160taba za vanredne situacije, Sa\u0161a Paunovi\u0107 je, govore\u0107i za list \u201cDanas\u201d, o funkcionisanju op\u0161tine Para\u0107in, rekao da se pored ostalog u &hellip; <\/p>\n","protected":false},"author":2,"featured_media":17299,"comment_status":"open","ping_status":"open","sticky":false,"template":"","format":"standard","meta":{"footnotes":""},"categories":[1524,2,1516,13,887,12],"tags":[457,916,552],"_links":{"self":[{"href":"https:\/\/centralmedia.rs\/index.php\/wp-json\/wp\/v2\/posts\/23738"}],"collection":[{"href":"https:\/\/centralmedia.rs\/index.php\/wp-json\/wp\/v2\/posts"}],"about":[{"href":"https:\/\/centralmedia.rs\/index.php\/wp-json\/wp\/v2\/types\/post"}],"author":[{"embeddable":true,"href":"https:\/\/centralmedia.rs\/index.php\/wp-json\/wp\/v2\/users\/2"}],"replies":[{"embeddable":true,"href":"https:\/\/centralmedia.rs\/index.php\/wp-json\/wp\/v2\/comments?post=23738"}],"version-history":[{"count":2,"href":"https:\/\/centralmedia.rs\/index.php\/wp-json\/wp\/v2\/posts\/23738\/revisions"}],"predecessor-version":[{"id":23740,"href":"https:\/\/centralmedia.rs\/index.php\/wp-json\/wp\/v2\/posts\/23738\/revisions\/23740"}],"wp:featuredmedia":[{"embeddable":true,"href":"https:\/\/centralmedia.rs\/index.php\/wp-json\/wp\/v2\/media\/17299"}],"wp:attachment":[{"href":"https:\/\/centralmedia.rs\/index.php\/wp-json\/wp\/v2\/media?parent=23738"}],"wp:term":[{"taxonomy":"category","embeddable":true,"href":"https:\/\/centralmedia.rs\/index.php\/wp-json\/wp\/v2\/categories?post=23738"},{"taxonomy":"post_tag","embeddable":true,"href":"https:\/\/centralmedia.rs\/index.php\/wp-json\/wp\/v2\/tags?post=23738"}],"curies":[{"name":"wp","href":"https:\/\/api.w.org\/{rel}","templated":true}]}}