{"id":23822,"date":"2020-05-04T17:02:01","date_gmt":"2020-05-04T17:02:01","guid":{"rendered":"http:\/\/centralmedia.rs\/?p=23822"},"modified":"2020-05-07T00:30:08","modified_gmt":"2020-05-07T00:30:08","slug":"intervju-sasa-paunovic-glavna-katastrofa-desila-se-u-zdravstvenim-ustanovama","status":"publish","type":"post","link":"https:\/\/centralmedia.rs\/index.php\/2020\/05\/04\/intervju-sasa-paunovic-glavna-katastrofa-desila-se-u-zdravstvenim-ustanovama\/","title":{"rendered":"INTERVJU SA\u0160A PAUNOVI\u0106: Glavna katastrofa desila se u zdravstvenim ustanovama"},"content":{"rendered":"<p>PARA\u0106IN-Najve\u0107i broj gra\u0111ana zarazio se u zdravstvenim ustanovama kao zaposleni u njima ili kao pacijenti na le\u010denju, a zatim slede \u010dlanovi njihovih porodica, rekao je predsednik Op\u0161tine Para\u0107in Sa\u0161a Paunovi\u0107 u intervjuu o dosada\u0161njim iskustvima u borbi protiv koronavirusa covid-19 .<\/p>\n<p>Kakvi si bilansi Para\u0107ina u borbi proti korona virusa?<\/p>\n<p>\u201ePo izve\u0161taju ZZJ oko 150 pozitivnih i 12 preminulih sa liste pozitivnih, pri \u010demu nisu svi preminuli evidentirani kao preminuli od koronavirusa, ve\u0107 od neke druge bolesti koja je bila primarna. Bilo je jo\u0161 preminulih sa simptomima koronavirusa, na primer obostrano zapaljenje plu\u0107a, ali ili nisu testirani ili test nije bio pozitivan \u0161to se ponekad de\u0161ava ukoliko uzorak nije uzet u pravom trenutku kako su mi objasnili. Neki \u010dlanovi porodica tih preminulih kasnije su bili pozitivni na testu, pa je razumno pretpostaviti da se i ovde radilo o koronavirusu. Dakle, re\u010d je o veoma opasnoj bolesti i svako pore\u0111enje sa gripom je vi\u0161e nego neadekvatno. Preminuli su ljudi koje ne bismo izgubili u drugim okolnostima. Najve\u0107i broj gra\u0111ana zarazio se u zdravstvenim ustanovama kao zaposleni u njima ili kao pacijenti na le\u010denju, a zatim slede \u010dlanovi njihovih porodica. Skoro 10 odsto zara\u017eenih su pacijenti hemodijalize u \u0106upriji i njihovi \u010dlanovi porodica. Ekonomka \u0161teta \u0107e se tek prera\u010dunavati ali i ona je velika svakako.&#8221;<\/p>\n<p>Kakvi su Va\u0161i zaklju\u010dci o svemu kroz sta je Srbija pro\u0161la u poslednja dva meseca, danas kada sagledate situaciju unazad?<\/p>\n<p>\u201ePa bilo je tu dosta lutanja, bilo je naravno i propusta, \u010dini mi se da je glavni problem u prvoj polovini krize bilo slanje pozitivnih pacijenata sa lak\u0161im simptomima u ku\u0107nu izolaciju, nije bilo spremnosti za o\u0161trije mere \u2013 slanje u karantinske bolnice \u0161to je kasnije u\u010dinjeno. Glavna katastrofa desila se u zdravstvenim ustanovama koje su nespremeno, ne toliko zbog nedostatka samo opreme, ve\u0107 zbog olakog odnosa prema epidemiji na mnogo mesta \u0161to je zaista zapanjuju\u0107e za mene kao laika, do\u010dekala koronavirus primaju\u0107i pacijente bez prethodne trija\u017ee. Tako je do\u0161lo do problema u mnogim bolnicama, pa i u Pomoravlju. Prvi savet koji je \u0160tab za vanredne situacije u Para\u0107inu dobio od na\u0161ih lekara koji rade u Italiji bio je da se postave \u0161atori ispred bolnica i domova zdravlja i da niko ne mo\u017ee da u\u0111e dok ne pro\u0111e trija\u017eu ni da popravi zub. Obezbedili smo \u0161atore i predlo\u017eili da se razmotri njihovo postavljanje, ali nisu bile takve instrukcije nadle\u017enih dr\u017eavnih slu\u017ebi, ve\u0107 je tek kasnije uspostavljena posebna COVID19 ambulanta u izdvojenom objektu, \u0161to je tako\u0111e dobro re\u0161enje, ali za neke zakasnelo\u2026\u201c<\/p>\n<p>Da li Vas ova situacija podse\u0107a na poplave i sta dugoro\u010dno gledano, ukoliko dobijete izbore na lokalu, planirate da uradite u vezi sa funkcionisanjem gradskih slu\u017ebi, s obzirom da je stav struke da ovakve epidemije ne\u0107e biti retke, kao i da pandemija korona vorusa nija zavr\u0161ena?<\/p>\n<p>\u201eOvo nije ista situacija kao poplava 2014. godine jer je malo toga zavisilo od lokalnih vlasti, teret krize bio je na zdravstvenim ustanovama i skoro se ni\u0161ta nije moglo u\u010diniti uz pomo\u0107 lokalnih slu\u017ebi. U tom smislu najmanje \u0161to bi se moglo u\u010diniti je da radnici u Bolnici i Domu zdravlja koji godinama rade na odre\u0111eno dobiju re\u0161enja za stalno, pre nego \u0161to i oni odu za Nema\u010dku, prosto vi\u0161e nema lekara da se organizuje rad slu\u017ebi, to je osnovni problem, za sve drugo je lak\u0161e sna\u0107i se. Me\u0111utim to ne zavisi od lokalne samouprave, ve\u0107 od dr\u017eave\u201c.<\/p>\n<p>Na koji na\u010din vidite rad javnih slu\u017ebi ubudu\u0107e s obzirom da se Srbija vra\u0107a u stanje pre korone?<\/p>\n<p>\u201ePretpostavljam da \u0107emo u prvom trenutku svi \u201eglumiti\u201c povratak na normalu uz neke mere koje \u0107e se preduzimati u smislu no\u0161enja maski, pravljenja \u0161altera ponovo koje smo ukidali kroz \u201euslu\u017ene centre\u201c. Vi\u0161e posla \u0107e se zavr\u0161avati \u201ena daljinu\u201c putem emaila u smislu podno\u0161enja zahteva gra\u0111ana, sve do prve nove eskalacije ili bar dok ne pro\u0111u izbori kada nas sasvim sigurno o\u010dekuju nove i zdravstvene i ekonomske mere da bi se suo\u010dili sa krizom \u010diji talas tek sti\u017ee\u201c.<\/p>\n","protected":false},"excerpt":{"rendered":"<p>PARA\u0106IN-Najve\u0107i broj gra\u0111ana zarazio se u zdravstvenim ustanovama kao zaposleni u njima ili kao pacijenti na le\u010denju, a zatim slede \u010dlanovi njihovih porodica, rekao je &hellip; <\/p>\n","protected":false},"author":2,"featured_media":4292,"comment_status":"open","ping_status":"open","sticky":false,"template":"","format":"standard","meta":{"footnotes":""},"categories":[14,1524,2,1516,887,12],"tags":[916,4616,156,552],"_links":{"self":[{"href":"https:\/\/centralmedia.rs\/index.php\/wp-json\/wp\/v2\/posts\/23822"}],"collection":[{"href":"https:\/\/centralmedia.rs\/index.php\/wp-json\/wp\/v2\/posts"}],"about":[{"href":"https:\/\/centralmedia.rs\/index.php\/wp-json\/wp\/v2\/types\/post"}],"author":[{"embeddable":true,"href":"https:\/\/centralmedia.rs\/index.php\/wp-json\/wp\/v2\/users\/2"}],"replies":[{"embeddable":true,"href":"https:\/\/centralmedia.rs\/index.php\/wp-json\/wp\/v2\/comments?post=23822"}],"version-history":[{"count":2,"href":"https:\/\/centralmedia.rs\/index.php\/wp-json\/wp\/v2\/posts\/23822\/revisions"}],"predecessor-version":[{"id":23824,"href":"https:\/\/centralmedia.rs\/index.php\/wp-json\/wp\/v2\/posts\/23822\/revisions\/23824"}],"wp:featuredmedia":[{"embeddable":true,"href":"https:\/\/centralmedia.rs\/index.php\/wp-json\/wp\/v2\/media\/4292"}],"wp:attachment":[{"href":"https:\/\/centralmedia.rs\/index.php\/wp-json\/wp\/v2\/media?parent=23822"}],"wp:term":[{"taxonomy":"category","embeddable":true,"href":"https:\/\/centralmedia.rs\/index.php\/wp-json\/wp\/v2\/categories?post=23822"},{"taxonomy":"post_tag","embeddable":true,"href":"https:\/\/centralmedia.rs\/index.php\/wp-json\/wp\/v2\/tags?post=23822"}],"curies":[{"name":"wp","href":"https:\/\/api.w.org\/{rel}","templated":true}]}}