{"id":23828,"date":"2020-05-06T21:40:38","date_gmt":"2020-05-06T21:40:38","guid":{"rendered":"http:\/\/centralmedia.rs\/?p=23828"},"modified":"2020-05-16T10:15:33","modified_gmt":"2020-05-16T10:15:33","slug":"rse-izborne-radnje-u-srbiji-diktirace-epidemioloska-situacija","status":"publish","type":"post","link":"https:\/\/centralmedia.rs\/index.php\/2020\/05\/06\/rse-izborne-radnje-u-srbiji-diktirace-epidemioloska-situacija\/","title":{"rendered":"RSE: Izborne radnje u Srbiji diktira\u0107e epidemiolo\u0161ka situacija"},"content":{"rendered":"<p>Predizborna kampanja u Srbiji zvani\u010dno po\u010dinje 11. maja, nakon \u0161to poslanici Skup\u0161tine Srbije na sednici 6. maja usvojili Vladin predlog za ukidanje vanrednog stanja i prate\u0107ih uredbi, \u010dime je predvi\u0111eno i da nadle\u017ene izborne komisije donesu re\u0161enje o nastavku izbornih radnji za parlamentarne, pokrajinske i lokalne izbore.<\/p>\n<p>Izbori, koje je\u00a0odlo\u017eila pandemija korona virusa, bi\u0107e odr\u017eani 21. juna, a kampanju, kao i sve ostale izborne radnje diktira\u0107e epi\u00adde\u00admio\u00adlo\u00ad\u0161ka si\u00adtua\u00adci\u00adja<\/p>\n<p>Me\u0111u prvim izmenama, koje je Vlada Srbije usvojila 5. maja, jeste da \u0107e potpise podr\u0161ke izbornim listama, pored javnih bele\u017enika, sada mo\u0107i da overavaju i gradske, odnosno op\u0161tinske uprave.<\/p>\n<p>Predlo\u017eene izmene, Vlada je obrazlo\u017eila potrebom da se &#8220;za odvijanje izbornog procesa pove\u0107a broj ovla\u0161\u0107enih overitelja, \u010dime se predupre\u0111uje opasnost ve\u0107ih okupljanja izbornih aktera i aktivista&#8221;.<\/p>\n<p>&#8220;\u0160to se ti\u010de ostalih stvari, Republi\u010dka izborna komisija (RIK) \u0107e verovatno doneti i izmene uputstva za sprovo\u0111enje izbora u skladu sa preporukama Kriznog \u0161taba. Sed\u00adni\u00adca\u00adma RIK-a \u0107e mo\u00ad\u017eda pri\u00adsu\u00adstvo\u00adva\u00adti sa\u00admo \u010dlan ili nje\u00adgov zamenik, a ne obo\u00adji\u00adca, \u010dime bi se prakti\u010dno prepolovio broj u\u010desnika. Isti model bi mogao da va\u017ei i u ra\u00addu bi\u00adra\u00ad\u010d\u00adkih od\u00adbo\u00adra. Tako\u0111e, mogu\u0107e je oko niza tehni\u010dkih pitanja imati digitalne, telefonske ili sli\u010dne sednice. Oko svega \u0107emo pitati glas struke i to \u0107e onda biti i na\u0161a preporuka&#8221;, rekao je za RSE \u010dlan RIK-a Mi\u00adlj\u00adkan Kar\u00adli\u00ad\u010di\u0107.<\/p>\n<p>Mi\u00adlj\u00adkan Kar\u00adli\u00ad\u010di\u0107 iz RIK-a ne iskulju\u010duje da bi mogla biti dozvoljena kampanja &#8220;od vrata do vrata&#8221; uz, kako je naveo, po\u0161tovanje preporuka struke i sve mere za\u0161tite.<\/p>\n<p>&#8220;Postoji i niz drugih modela za kampanju, od sredstava masovnih medija, radija, televizije, dru\u0161tvenih mre\u017ea. Ne mo\u017eemo se po\u017ealiti da manjka na\u010dina za upoznavanje sa izbornim porukama i programima u\u010desnika na izborima&#8221;, rekao je Krali\u010di\u0107.<\/p>\n<p>Posmatra\u010di, prema re\u010dima Ra\u0161e Nedeljkova iz Centra za istra\u017eivanje, transparentnost i odgovornost (CRTA), za sada nemaju informacije o tome kako \u0107e raditi i kakve \u0107e biti njihove obaveze.<\/p>\n<p><strong>Koliko su izborni u\u010desnici ravnopravni?<\/strong><\/p>\n<p>U\u010desnici u izbornu utakmicu ulaze nakon skoro dva meseca vanrednog stranja i restriktivnih mera koje su uvedene 15. marta zbog pandemije korona virusa. Mere su podrazumevale policijski \u010das od 17, a kasnije od 18 \u010dasova do 5 sati ujutru radnim danima i potpunu zabranu kretanja vikendom.<\/p>\n<p>Iako su ukinute, ostaje najavljena zabrana politi\u010dkih skupova pa \u0107e uloga tradicionalnih medija i dru\u0161tvenih mre\u017ea tokom kampanje, prema re\u010dima Ra\u0161e Nedeljkova iz osranizacije CRTA, biti daleko ve\u0107a.<\/p>\n<p>&#8220;Na\u0161 medija monitoring televizija sa nacionalnom frekvencijom tokom vanrednog stanja pokazao je da su akteri vlasti u poslednje dve nedelje marta imali 99 odsto pristup u pro\u0161irenom Prajm tajmu (udarnom terminu). To je neverovatno veliki disbalans.<\/p>\n<p>Drugi deo problema u radu medija koji se prelio i u samu kampanju, ali pre svega u odnosu na vanredno stanje, je bio ton izve\u0161tavanja. Kada se izve\u0161tavalo ili kada su se prenosile izjave aktera koji su u vlasti, ton je bio ili neutralan ili pozitivan, a kada se u nekim mikrosekundama govorilo o predstavnicima opozicije koji su najavili bojkot izbora, ton je bio negativan mesecima&#8221;, rekao je Nedeljkov.<\/p>\n<p>Monitoring Biroa za dru\u0161tvena istra\u017eivanja (BIRODI) na televizijama sa nacionalnom frekvencijom i televiziji N1, koji je sproveden od 16. do 31. marta, pokazao je da je po zastupljenosti predsednik Srbije i lider Srpske napredne stranke (SNS) Aleksandar Vu\u010di\u0107 sa ukupno 15.050 sekundi bio 63 puta vi\u0161e zastupljen od najbolje zastupljenog lidera opozicije Dragana \u0110ilasa, koji je imao ukupno 237 sekundi u programima svih televizija.<\/p>\n<p>&#8220;Ako govorimo o ravnopravnosti, ona podrazumeva da razli\u010diti akteri imaju iole iste \u0161anse da svoje stavove o odre\u0111enim pitanjima komentari\u0161u na relativno jednak na\u010din. Ako gledamo samo taj aspekt, mi nismo ni u\u0161li u kampanju sa ravnopravnim prisustvom u medijima, odnosno sa fer i objektivnim izve\u0161tavanjem, nego ga nismo imali ni tokom vanrednog stanja. Da li \u0107emo ga imati tokom kampanje, nastavi\u0107emo da pratimo&#8221;, naveo je Ra\u0161a Nedeljkov iz CRTA-e.<\/p>\n<p>Ravnopravan pristup medijima bio je jedan od glavnih zahteva dela opozicije koji se odlu\u010dio za bojkot izbora koji su bili planirani za 26. april, uz obrazlo\u017eenje da ne postoje uslovi da oni budu fer i demokratski.<\/p>\n<p><strong>Funkcionerska kampanja<\/strong><\/p>\n<p>Upravo su izborni uslovi u Srbiji bili tema me\u0111ustrana\u010dkog dijaloga koji je, uz predstavnike nevladinih organizacija i posredovanje izaslanika Evropskog parlamenta organizovan krajem 2019. godine. U dijalogu su u\u010destvovali i predstavnici organizacije CRTA.<\/p>\n<p>&#8220;Jedna od klju\u010dnih preporuka organizacije CRTA tada je bila da se onim funkcionerima koji se nalaze na listi ili su nosioci lista onemogu\u0107i da u\u010destvuju na skupovima koji se organizuju parama svih gra\u0111ana Srbije. To su otvaranje puteva, fabrika ili bilo kojih drugih aktivnosti za koje se tro\u0161i dr\u017eavni bud\u017eet. Taj predlog je odbijen i mi tu nismo videli pomak&#8221;, rekao je Ra\u0161a Nedeljkov iz ove organizacije.<\/p>\n<p>Iako je ponavljao da u toku pandemije ne\u0107e da govori o politi\u010dkim protivnicima, predsednik Srbije Aleksandar Vu\u010di\u0107 je sa ministrima i drugim funkcionerima vanrednog stanja odlazio u Ni\u0161, Novi Pazar i druge gradove, nose\u0107i respiratore i medicinsku opremu. Obilazio je magacine i prisustvovao otvaranju privremenih bolnica.<\/p>\n<p>&#8220;Imali smo i tokom vanrednog stanja doga\u0111aje koji su zlouptreba javnih skupova u svrhu promocije li\u010dnosti ili stranke javnog funkcionera&#8221;, naveo je Nedeljkov.<\/p>\n<p><strong>Ko ulazi u izbornu trku?<\/strong><\/p>\n<p>Uo\u010di najave izbora, predsednik Srbije\u00a0odr\u017eao je 4. maja sastanak sa predstavnicima stranaka koje su najavile u\u010de\u0161\u0107e.<\/p>\n<p>Pored partija vladaju\u0107e koalicije, koju uz Srpsku naprednu stranku, \u010dini i koalicija Socijalsti\u010dke partije Srbije i Jedinstvene Srbije, sastanku su prisustvovali opoziciona Nova stranka Zorana \u017divkovi\u0107a, organizacija &#8220;Srbija 21&#8221;, stranka SPAS Aleksandara \u0160api\u0107a, Demokratska stranka Srbije, Savez vojvo\u0111anskih Ma\u0111ara, Stranka slobode i pomirenja Muamera Zukorli\u0107a, Srpska radikalna stranka, Zdrava Srbija, kao i predstavnici pokreta &#8220;Jedan od pet miliona&#8221;.<\/p>\n<p>Stranke okupljene oko opozicionog Saveza za Srbiju (SzS) i Pokret slobodnih gra\u0111ana, koji su ranije najavili bojkot, nisu se odazvali pozivu.<\/p>\n<p>Poslanica Stranke slobode i pravde, \u010dlanice SzS-a, Marinika Tepi\u0107 izjavila je da \u0107e predstavnici opozicije u \u010detvrtak, 7. maja razgovarati o eventualnoj mogu\u0107nosti promene odluke o u\u010de\u0161\u0107u na izborima, ali da ona smatra da se izborni uslovi nisu popravili.<\/p>\n<p>&#8220;Ne samo da sada nisu bolji nego su se pogor\u0161ali. Ne vidim uslove da se ta odluka (o bojkotu) promeni, ali o delovanju (opozicije) da. Vide\u0107emo u \u010detvrtak&#8221;, rekla je Tepi\u0107 6. maja na konferenciji za novinare u holu Skup\u0161tine Srbije.<\/p>\n<p><strong>Dan glasanja<\/strong><\/p>\n<p>Dok se \u010deka kona\u010dna lista u\u010desnika na izborima, za sada nije poznato ni kako \u0107e biti organizovano samo glasanje.<\/p>\n<p>&#8220;Ne znamo ni gde \u0107e biti organizovana bira\u010dka mesta, da li \u0107e ona biti ista kao na prethodnim izborima ili \u0107e se praviti neka posebna mesta, sa posebnim procedurama. Mogu samo da ka\u017eem da se nadam da \u0107e sve biti u skladu sa zdravstvenim standardima i preporukama stru\u010dnjaka&#8221;, naveo je Ra\u0161a Nedeljkov iz CRTA-e.<\/p>\n<p>Na pitanje o danu glasanja i bezbednosti gra\u0111ana na birali\u0161tima, Mi\u00adlj\u00adkan Karli\u010di\u0107 iz Republi\u010dke izborne komisije rekao je za RSE da se nada da \u0107e do 21. juna epidemija pro\u0107i, ali da \u0107e se i o tome odlu\u010divati u skladu sa preporukama Kriznog \u0161taba.<\/p>\n<p>&nbsp;<\/p>\n","protected":false},"excerpt":{"rendered":"<p>Predizborna kampanja u Srbiji zvani\u010dno po\u010dinje 11. maja, nakon \u0161to poslanici Skup\u0161tine Srbije na sednici 6. maja usvojili Vladin predlog za ukidanje vanrednog stanja i &hellip; <\/p>\n","protected":false},"author":2,"featured_media":7358,"comment_status":"open","ping_status":"open","sticky":false,"template":"","format":"standard","meta":{"footnotes":""},"categories":[2,13,12],"tags":[643,4440,1112],"_links":{"self":[{"href":"https:\/\/centralmedia.rs\/index.php\/wp-json\/wp\/v2\/posts\/23828"}],"collection":[{"href":"https:\/\/centralmedia.rs\/index.php\/wp-json\/wp\/v2\/posts"}],"about":[{"href":"https:\/\/centralmedia.rs\/index.php\/wp-json\/wp\/v2\/types\/post"}],"author":[{"embeddable":true,"href":"https:\/\/centralmedia.rs\/index.php\/wp-json\/wp\/v2\/users\/2"}],"replies":[{"embeddable":true,"href":"https:\/\/centralmedia.rs\/index.php\/wp-json\/wp\/v2\/comments?post=23828"}],"version-history":[{"count":1,"href":"https:\/\/centralmedia.rs\/index.php\/wp-json\/wp\/v2\/posts\/23828\/revisions"}],"predecessor-version":[{"id":23829,"href":"https:\/\/centralmedia.rs\/index.php\/wp-json\/wp\/v2\/posts\/23828\/revisions\/23829"}],"wp:featuredmedia":[{"embeddable":true,"href":"https:\/\/centralmedia.rs\/index.php\/wp-json\/wp\/v2\/media\/7358"}],"wp:attachment":[{"href":"https:\/\/centralmedia.rs\/index.php\/wp-json\/wp\/v2\/media?parent=23828"}],"wp:term":[{"taxonomy":"category","embeddable":true,"href":"https:\/\/centralmedia.rs\/index.php\/wp-json\/wp\/v2\/categories?post=23828"},{"taxonomy":"post_tag","embeddable":true,"href":"https:\/\/centralmedia.rs\/index.php\/wp-json\/wp\/v2\/tags?post=23828"}],"curies":[{"name":"wp","href":"https:\/\/api.w.org\/{rel}","templated":true}]}}