{"id":23830,"date":"2020-05-06T21:51:05","date_gmt":"2020-05-06T21:51:05","guid":{"rendered":"http:\/\/centralmedia.rs\/?p=23830"},"modified":"2020-05-16T10:15:41","modified_gmt":"2020-05-16T10:15:41","slug":"skupstina-srbije-ukinula-vanredno-stanje","status":"publish","type":"post","link":"https:\/\/centralmedia.rs\/index.php\/2020\/05\/06\/skupstina-srbije-ukinula-vanredno-stanje\/","title":{"rendered":"Skup\u0161tina Srbije ukinula vanredno stanje"},"content":{"rendered":"<p>Narodna skup\u0161tina Srbije u sredu uve\u010de ukinula je vanredno stanje, koje je uvedeno 15. marta zbog pandemije korona virusa. Za ovu odluku glasalo je 155 poslanika, protiv nije bio niko, a jedan poslanik je bio uzdr\u017ean.<\/p>\n<p>No\u0107as je poslednji policijski \u010das do 5 ujutru u \u010detvrtak 7. maja. Ukinuta je zabtarna kretanja starijima od 65 godina, vi\u0161e od 20 lica ne mogu da okupe na jednom mestu, preporuka je socijalna distanca i primena mera za\u0161tite, odnosno maske i rukavice, i pranja ruku.<\/p>\n<p>Poslanici su podr\u017eali predlog da ova odluka stupi na snagu u roku kra\u0107em od osam dana od objavljivanja u Slu\u017ebenom glasniku.<\/p>\n<p>Skup\u0161tina je ve\u0107inom glasova prihvatila Predlog zakona o va\u017eenju uredaba koje je Vlada uz supotpis predsednika Republike donela za vreme vanrednog stanja i koje je Narodna skup\u0161tina potvrdila, a koji je podnela Vlada Srbije.<\/p>\n<p>Vanredno stanje uvedeno je u Srbiji 15. marta zbog pandemije korona virusa, a u toj odluci nije u\u010destvovala Skup\u0161tina Srbije.<\/p>\n<p>Premijerka Ana Brnabi\u0107 je izjavila da odluka o uvo\u0111enju vanrednog stanja, koje je uvedeno uz njen i supotpise predsednice Narodne skup\u0161tine Maje Gojkovi\u0107 i predsednika Republike Aleksandra Vu\u010di\u0107a, bez rasprave narodnih poslanika o tome &#8220;nije bila bahato pona\u0161anje ve\u0107 odgovorno&#8221;.<\/p>\n<p>Prethodno je, na samom po\u010detku sednice posve\u0107ene ukidanju vanrednog stanja, skup\u0161tinsko obezbe\u0111enje iznelo iz sale poslanika Bo\u0161ka Obradovi\u0107a, lidera opozicionog pokreta Dveri, koji je u\u0161ao u salu duvaju\u0107i u pi\u0161taljku i uzvikuju\u0107i \u201edole Vu\u010di\u0107\u201c i \u201edole Vlada\u201c. Predsednica Palramenta Maja Gojkovi\u0107 je opomenula Obradovi\u0107a, a potom ga isklju\u010dila sa sednice, pozivaju\u0107i<\/p>\n","protected":false},"excerpt":{"rendered":"<p>Narodna skup\u0161tina Srbije u sredu uve\u010de ukinula je vanredno stanje, koje je uvedeno 15. marta zbog pandemije korona virusa. Za ovu odluku glasalo je 155 &hellip; <\/p>\n","protected":false},"author":2,"featured_media":23776,"comment_status":"open","ping_status":"open","sticky":false,"template":"","format":"standard","meta":{"footnotes":""},"categories":[2,13,12],"tags":[4617,4618,4460],"_links":{"self":[{"href":"https:\/\/centralmedia.rs\/index.php\/wp-json\/wp\/v2\/posts\/23830"}],"collection":[{"href":"https:\/\/centralmedia.rs\/index.php\/wp-json\/wp\/v2\/posts"}],"about":[{"href":"https:\/\/centralmedia.rs\/index.php\/wp-json\/wp\/v2\/types\/post"}],"author":[{"embeddable":true,"href":"https:\/\/centralmedia.rs\/index.php\/wp-json\/wp\/v2\/users\/2"}],"replies":[{"embeddable":true,"href":"https:\/\/centralmedia.rs\/index.php\/wp-json\/wp\/v2\/comments?post=23830"}],"version-history":[{"count":3,"href":"https:\/\/centralmedia.rs\/index.php\/wp-json\/wp\/v2\/posts\/23830\/revisions"}],"predecessor-version":[{"id":23833,"href":"https:\/\/centralmedia.rs\/index.php\/wp-json\/wp\/v2\/posts\/23830\/revisions\/23833"}],"wp:featuredmedia":[{"embeddable":true,"href":"https:\/\/centralmedia.rs\/index.php\/wp-json\/wp\/v2\/media\/23776"}],"wp:attachment":[{"href":"https:\/\/centralmedia.rs\/index.php\/wp-json\/wp\/v2\/media?parent=23830"}],"wp:term":[{"taxonomy":"category","embeddable":true,"href":"https:\/\/centralmedia.rs\/index.php\/wp-json\/wp\/v2\/categories?post=23830"},{"taxonomy":"post_tag","embeddable":true,"href":"https:\/\/centralmedia.rs\/index.php\/wp-json\/wp\/v2\/tags?post=23830"}],"curies":[{"name":"wp","href":"https:\/\/api.w.org\/{rel}","templated":true}]}}