{"id":23834,"date":"2020-05-06T22:10:10","date_gmt":"2020-05-06T22:10:10","guid":{"rendered":"http:\/\/centralmedia.rs\/?p=23834"},"modified":"2020-05-16T10:15:50","modified_gmt":"2020-05-16T10:15:50","slug":"fridom-haus-srbija-i-crna-gora-vise-nisu-u-kategoriji-demokratija","status":"publish","type":"post","link":"https:\/\/centralmedia.rs\/index.php\/2020\/05\/06\/fridom-haus-srbija-i-crna-gora-vise-nisu-u-kategoriji-demokratija\/","title":{"rendered":"Fridom Haus: Srbija i Crna Gora vi\u0161e nisu u kategoriji demokratija"},"content":{"rendered":"<p>U najnovijem izve\u0161taju \u201cDr\u017eave u tranziciji\u201d, organizacije Fridom Haus (Freedom House, FH) koja se bavi ljudskim pravima i promovisanjem demokratije u svetu, Srbija i Crna Gora izgubile su epitet \u201cdelimi\u010dno konsolidovanih demokratija\u201d.<\/p>\n<p><img loading=\"lazy\" decoding=\"async\" class=\"alignnone wp-image-23835 size-large\" src=\"http:\/\/centralmedia.rs\/wp-content\/uploads\/2020\/05\/freedom-haus-1024x701.jpg\" alt=\"\" width=\"640\" height=\"438\" srcset=\"https:\/\/centralmedia.rs\/wp-content\/uploads\/2020\/05\/freedom-haus-1024x701.jpg 1024w, https:\/\/centralmedia.rs\/wp-content\/uploads\/2020\/05\/freedom-haus-300x206.jpg 300w, https:\/\/centralmedia.rs\/wp-content\/uploads\/2020\/05\/freedom-haus-768x526.jpg 768w, https:\/\/centralmedia.rs\/wp-content\/uploads\/2020\/05\/freedom-haus-613x420.jpg 613w, https:\/\/centralmedia.rs\/wp-content\/uploads\/2020\/05\/freedom-haus-640x438.jpg 640w, https:\/\/centralmedia.rs\/wp-content\/uploads\/2020\/05\/freedom-haus-681x467.jpg 681w, https:\/\/centralmedia.rs\/wp-content\/uploads\/2020\/05\/freedom-haus.jpg 1597w\" sizes=\"(max-width: 640px) 100vw, 640px\" \/><\/p>\n<p>Na tradicionalnoj godi\u0161njoj listi, nakon analize stanja, Fridom Haus vratio je ove dve dr\u017eave Zapadnog Balkana korak unazad, u grupu tranzicionih odnosno, \u201chibridnih re\u017eima\u201d.<\/p>\n<p>Pojam \u201chibridni re\u017eim\u201d podrazumeva dr\u017eave u kojima su demokratske institucije krhke i u kojima postoje zna\u010dajni izazovi u odbrani politi\u010dkih prava i gra\u0111anskih sloboda.<\/p>\n<p>\u201cGodinama unazad uve\u0107avanim zarobljavanjem dr\u017eave, zloupotrebom vlasti i taktikom strahovlade, Aleksandar Vu\u010di\u0107 u Srbiji i Milo \u0110ukanovi\u0107 u Crnoj Gori, odveli su svoje dr\u017eave ispod crte &#8211; prvi put od 2003. godine, nisu vi\u0161e u kategoriji demokratija me\u0111u zemljama u tranzitu\u201d, navode u FH.<\/p>\n<p><img loading=\"lazy\" decoding=\"async\" class=\"alignnone wp-image-23836 size-full\" src=\"http:\/\/centralmedia.rs\/wp-content\/uploads\/2020\/05\/C1458377-9AFF-4088-AE61-5B8A18C9E60B_w650_r0_s.jpg\" alt=\"\" width=\"650\" height=\"406\" srcset=\"https:\/\/centralmedia.rs\/wp-content\/uploads\/2020\/05\/C1458377-9AFF-4088-AE61-5B8A18C9E60B_w650_r0_s.jpg 650w, https:\/\/centralmedia.rs\/wp-content\/uploads\/2020\/05\/C1458377-9AFF-4088-AE61-5B8A18C9E60B_w650_r0_s-300x187.jpg 300w, https:\/\/centralmedia.rs\/wp-content\/uploads\/2020\/05\/C1458377-9AFF-4088-AE61-5B8A18C9E60B_w650_r0_s-640x400.jpg 640w\" sizes=\"(max-width: 650px) 100vw, 650px\" \/><\/p>\n<p>&nbsp;<\/p>\n<p>Na drugoj strani, me\u0111u dr\u017eavama Zapadnog Balkana ima i onih koje su napredovale \u2013 Kosovo i Severna Makedonija. U odnosu na izve\u0161taj objavljen 2019. u\u010dinile su, navodi se, zna\u010dajan napredak.<\/p>\n<p>\u201cKosovo i Severna Makedonija zabele\u017eile su vi\u0161estruko pobolj\u0161anje rezultata. Kosovo je jedina dr\u017eava koja je bele\u017eila konstantan napredak poslednjih pet godina\u201d, pi\u0161e u izve\u0161taju. Ipak, u FH iskazuju i izvesnu rezervu jer, kako navode, \u201cnedavna de\u0161avanja u obe zemlje izazivaju sumnju u pogledu budu\u0107eg napretka\u201d.<\/p>\n<p>Na osnovu svih navedenih promena, u grupi delimi\u010dno konsolidovanih demokratija tako je sada, nakon novog izve\u0161taja, ostala jo\u0161 samo Hrvatska. Polo\u017eaj Bosne i Hercegovine ostao je nepromenjen, odnosno u kategoriji hibridnih re\u017eima.<\/p>\n<p>Najdu\u017ea lista kritika me\u0111u dr\u017eavama Balkana upu\u0107ena je na ra\u010dun Srbije. Njeni rezultati su u konstantnom padu pet godina unazad. Opisuju\u0107i lo\u0161u klimu i nedemokratske principe u Srbiji, FH podse\u0107a i na bojkot opozicije u radu parlamenta i kritikuje na\u010din na koji ta institucija funkcioni\u0161e.<\/p>\n<p>\u201cOd dolaska na vlast, 2012. godine, vladaju\u0107a Srpska napredna stranka (SNS) sistematski je ograni\u010davala ulogu opozicije. Od 2016. do 2018. godine na dnevnom redu sednica Skup\u0161tine bili su samo predlozi zakona koje su predlagali vlast i koalicioni partneri. Kako bi ograni\u010dila kontrolu sopstvenih predloga zakona, SNS je isklju\u010dila opoziciju iz rada skup\u0161tinskih odbora a u plenumu zatrpava sednicu neozbiljnim amandmanima koji oduzimaju vreme za raspravu\u201c, navode u Fridom Hausu i podse\u0107aju i na lo\u0161 trend usvajanja zakona po hitnom postupku, koji bi, napominju, trebalo da se koristi samo u izuzetnim prilikama i vanrednim okolnostima.<\/p>\n<p>\u201cVi\u0161e od polovine zakona usvojenih pro\u0161le godine usvojeno je po hitnom postupku a sporna legitimnost parlamentarne ve\u0107ine dodatno obeshrabruje opozicione poslanike\u201d, ocenjuje se u izve\u0161taju. FH ujedno podse\u0107a na ocene posmatra\u010da Saveta Evrope i Organizacije za Evropsku bezbednost i saradnju da su poslednji parlamentarni izbori 2016. godine pokazali da SNS \u201czloupotrebljava ve\u0107inu, zamagljuje razliku izme\u0111u dr\u017eavnih i partijskih aktivnosti, vr\u0161i pritisak na bira\u010de, naro\u010dito one zaposlene u javnom sektoru\u201d kao i da \u201cmami bira\u010de kroz socijalne inicijative\u201c.<\/p>\n<p>Rezultat svega navedenog, konstatuju u FH, je bojkot opozicije u radu parlamenta, jer \u201cne ose\u0107aju mogu\u0107nost da mogu efikasno da se zala\u017eu za promenu politike\u201d kroz ovu instituciju. Ipak u ovoj organizaciji dodaju da, iako je manevarski prostor politi\u010dkih oponenata vlasti su\u017een, u lo\u0161im uslovima uvek treba dodatno razmotriti mogu\u0107nosti institucionalne borbe.<\/p>\n<p>Crna Gora, kako ka\u017eu u FH, pridru\u017eila se Srbiji, &#8220;izlaze\u0107i iz grupe demokratija nakon \u0161to je deceniju unazad prakti\u010dno lebdela iznad praga\u201d.<\/p>\n<p>I za ovu dr\u017eavu u FH ukazuju na sli\u010dne probleme, odnosno bojkot opozicije u radu Skup\u0161tine. Podse\u0107a se na odsustvo opozicionih stranaka nakon parlamentarnih izbora 2016. godine, kada je zbog slu\u010daja, poznatog kao \u201cDr\u017eavni udar\u201d, odlu\u010dila da stupi u bojkot parlamenta, smatraju\u0107i da je taj doga\u0111aj uticao na rezultate izbora.<\/p>\n<p><strong>Pritisci na medije<\/strong><\/p>\n<p>Kritike Srbiji upu\u0107ene su i u vezi sa stanjem u medijima koji su, kako se navodi, pod pritiskom ve\u0107 vi\u0161e godina unazad.<\/p>\n<p>\u201eKao i proteklih godina, mediji u Srbiji nastavili su i 2019. godine da funkcioni\u0161u pod pritiskom, pre svega od strane vlasti i vladaju\u0107e Srpske napredne stranke. Iako je, ina\u010de mali broj, nezavisnih medija ostao uglavnom stabilan, pojedine medijske ku\u0107e i novinari bili su pod politi\u010dkim i finansijskim pritiskom, suo\u010deni s verbalnim a, ponekad, i fizi\u010dkim napadima\u201c, ocenjuje Fridom Haus navode\u0107i konkretne primere i slu\u010dajeve.<\/p>\n<p><strong>Pozitivni primeri<\/strong><\/p>\n<p>Novi protestni pokreti posve\u0107eni pitanjima za\u0161tite \u017eivotne sredine, otvorili su prostor popunjavanju politi\u010dke praznine u mnogim dr\u017eavama od centralne Azije do Balkana, ocenjuje Fridom Haus.<\/p>\n<p>\u201cZajedno sa aktivistima civilnog dru\u0161tva posve\u0107enim antikorupciji i transparentnosti, kampanja za za\u0161titu \u017eivotne sredine postigla je niz uspeha, pokazuju\u0107i neprestanu efikasnost u primeni demokratskih metoda\u201d, navodi se u izve\u0161taju uz predvi\u0111anje da \u0107e i aktuelni doga\u0111aji u vezi sa pandemijom virusa korona, \u201cverovatno stvoriti novi podsticaj aktivizmu i pokrenuti takti\u010dke inovacije za prevazila\u017eenje ograni\u010denja okupljanja\u201d.<\/p>\n<p><strong>Gra\u0111anski aktivizam \u2013 klju\u010d ka demokratiji<\/strong><\/p>\n<p>\u201cVerovatno nije slu\u010dajnost da su Centralna Evropa i Balkan regioni koji su, nakon prvobitno najbr\u017eeg rasta u oblasti demokratije, poslednjih godina zabele\u017eile najve\u0107i pad. Efikasnost i otpornost institucija koje su osnov demokratije, zavisi od u\u010de\u0161\u0107a aktivnog gra\u0111anstva. U izve\u0161tajima \u2018Dr\u017eava u tranzitu\u2019 naj\u010de\u0161\u0107e nedostaje podatak o anga\u017eovanju javnosti u politici. Ipak, postoje nagove\u0161taji da se to kona\u010dno mo\u017ee promeniti\u201d, poru\u010duju iz organizacije Fridom Haus i dodaju da \u201cza opstajanje u neprijateljskom svetu, demokratija mora stalno da se brani i podsti\u010de\u201d.<\/p>\n<p>\u201cTo \u0107e biti glavni zadatak za ljude u dr\u017eavama u tranziciji\u201d, zaklju\u010duje u godi\u0161njem izve\u0161taju organizacija Fridom Haus.<\/p>\n<p>&nbsp;<\/p>\n","protected":false},"excerpt":{"rendered":"<p>U najnovijem izve\u0161taju \u201cDr\u017eave u tranziciji\u201d, organizacije Fridom Haus (Freedom House, FH) koja se bavi ljudskim pravima i promovisanjem demokratije u svetu, Srbija i Crna &hellip; <\/p>\n","protected":false},"author":2,"featured_media":23835,"comment_status":"open","ping_status":"open","sticky":false,"template":"","format":"standard","meta":{"footnotes":""},"categories":[14,2,12],"tags":[2081,4619,4620,1112],"_links":{"self":[{"href":"https:\/\/centralmedia.rs\/index.php\/wp-json\/wp\/v2\/posts\/23834"}],"collection":[{"href":"https:\/\/centralmedia.rs\/index.php\/wp-json\/wp\/v2\/posts"}],"about":[{"href":"https:\/\/centralmedia.rs\/index.php\/wp-json\/wp\/v2\/types\/post"}],"author":[{"embeddable":true,"href":"https:\/\/centralmedia.rs\/index.php\/wp-json\/wp\/v2\/users\/2"}],"replies":[{"embeddable":true,"href":"https:\/\/centralmedia.rs\/index.php\/wp-json\/wp\/v2\/comments?post=23834"}],"version-history":[{"count":1,"href":"https:\/\/centralmedia.rs\/index.php\/wp-json\/wp\/v2\/posts\/23834\/revisions"}],"predecessor-version":[{"id":23837,"href":"https:\/\/centralmedia.rs\/index.php\/wp-json\/wp\/v2\/posts\/23834\/revisions\/23837"}],"wp:featuredmedia":[{"embeddable":true,"href":"https:\/\/centralmedia.rs\/index.php\/wp-json\/wp\/v2\/media\/23835"}],"wp:attachment":[{"href":"https:\/\/centralmedia.rs\/index.php\/wp-json\/wp\/v2\/media?parent=23834"}],"wp:term":[{"taxonomy":"category","embeddable":true,"href":"https:\/\/centralmedia.rs\/index.php\/wp-json\/wp\/v2\/categories?post=23834"},{"taxonomy":"post_tag","embeddable":true,"href":"https:\/\/centralmedia.rs\/index.php\/wp-json\/wp\/v2\/tags?post=23834"}],"curies":[{"name":"wp","href":"https:\/\/api.w.org\/{rel}","templated":true}]}}