{"id":23857,"date":"2020-05-07T00:19:41","date_gmt":"2020-05-07T00:19:41","guid":{"rendered":"http:\/\/centralmedia.rs\/?p=23857"},"modified":"2020-05-16T10:16:24","modified_gmt":"2020-05-16T10:16:24","slug":"prilazi-i-trotoari","status":"publish","type":"post","link":"https:\/\/centralmedia.rs\/index.php\/2020\/05\/07\/prilazi-i-trotoari\/","title":{"rendered":"PRILAZI I TROTOARI"},"content":{"rendered":"<p>PARA\u0106IN- Kako je i dogovoreno na zborovima i prilikom susreta sa gra\u0111anima grade se trotoari u ulici Stevana Jakovljevi\u0107a i izgra\u0111en prilaz u ulici Steva Pisara u Para\u0107inu.<\/p>\n<div id='gallery-1' class='gallery galleryid-23857 gallery-columns-4 gallery-size-thumbnail'><figure class='gallery-item'>\n\t\t\t<div class='gallery-icon portrait'>\n\t\t\t\t<a href='https:\/\/centralmedia.rs\/index.php\/2020\/05\/07\/prilazi-i-trotoari\/stevana-jakovljevica\/'><img loading=\"lazy\" decoding=\"async\" width=\"150\" height=\"150\" src=\"https:\/\/centralmedia.rs\/wp-content\/uploads\/2020\/05\/stevana-jakovljevica-150x150.jpg\" class=\"attachment-thumbnail size-thumbnail\" alt=\"\" \/><\/a>\n\t\t\t<\/div><\/figure><figure class='gallery-item'>\n\t\t\t<div class='gallery-icon landscape'>\n\t\t\t\t<a href='https:\/\/centralmedia.rs\/index.php\/2020\/05\/07\/prilazi-i-trotoari\/stevana-jakovljevica1\/'><img loading=\"lazy\" decoding=\"async\" width=\"150\" height=\"150\" src=\"https:\/\/centralmedia.rs\/wp-content\/uploads\/2020\/05\/stevana-jakovljevica1-150x150.jpg\" class=\"attachment-thumbnail size-thumbnail\" alt=\"\" \/><\/a>\n\t\t\t<\/div><\/figure><figure class='gallery-item'>\n\t\t\t<div class='gallery-icon landscape'>\n\t\t\t\t<a href='https:\/\/centralmedia.rs\/index.php\/2020\/05\/07\/prilazi-i-trotoari\/stevana-jakovljevica2\/'><img loading=\"lazy\" decoding=\"async\" width=\"150\" height=\"150\" src=\"https:\/\/centralmedia.rs\/wp-content\/uploads\/2020\/05\/stevana-jakovljevica2-150x150.jpg\" class=\"attachment-thumbnail size-thumbnail\" alt=\"\" \/><\/a>\n\t\t\t<\/div><\/figure><figure class='gallery-item'>\n\t\t\t<div class='gallery-icon landscape'>\n\t\t\t\t<a href='https:\/\/centralmedia.rs\/index.php\/2020\/05\/07\/prilazi-i-trotoari\/stevana-jakovljevica3\/'><img loading=\"lazy\" decoding=\"async\" width=\"150\" height=\"150\" src=\"https:\/\/centralmedia.rs\/wp-content\/uploads\/2020\/05\/stevana-jakovljevica3-150x150.jpg\" class=\"attachment-thumbnail size-thumbnail\" alt=\"\" \/><\/a>\n\t\t\t<\/div><\/figure>\n\t\t<\/div>\n\n<p>-Mali broj Para\u0107inaca zna za postojanje prilaza u ul. Steve Pisara, ali onima koji tamo \u017eive blatnjava staza do ku\u0107e bila je najve\u0107i komunalni problem. Obe\u0107anje je ispunjeno, prilaz je izgra\u0111en, bio sam tamo vi\u0161e puta &#8220;od vrata do vrata&#8221; i evo kona\u010dno je i taj problem re\u0161en &#8211; slede\u0107a akcija razgovora sa gra\u0111anima bi\u0107e sprovedena u druga\u010dijoj atmosferi, isti\u010de predsednik op\u0161tine Para\u0107in Sa\u0161a Paunovi\u0107.<\/p>\n<div id='gallery-2' class='gallery galleryid-23857 gallery-columns-5 gallery-size-thumbnail'><figure class='gallery-item'>\n\t\t\t<div class='gallery-icon portrait'>\n\t\t\t\t<a href='https:\/\/centralmedia.rs\/index.php\/2020\/05\/07\/prilazi-i-trotoari\/steva-pisar-2\/'><img loading=\"lazy\" decoding=\"async\" width=\"150\" height=\"150\" src=\"https:\/\/centralmedia.rs\/wp-content\/uploads\/2020\/05\/steva-pisar-150x150.jpg\" class=\"attachment-thumbnail size-thumbnail\" alt=\"\" \/><\/a>\n\t\t\t<\/div><\/figure><figure class='gallery-item'>\n\t\t\t<div class='gallery-icon landscape'>\n\t\t\t\t<a href='https:\/\/centralmedia.rs\/index.php\/2020\/05\/07\/prilazi-i-trotoari\/steva-pisar1\/'><img loading=\"lazy\" decoding=\"async\" width=\"150\" height=\"150\" src=\"https:\/\/centralmedia.rs\/wp-content\/uploads\/2020\/05\/steva-pisar1-150x150.jpg\" class=\"attachment-thumbnail size-thumbnail\" alt=\"\" \/><\/a>\n\t\t\t<\/div><\/figure><figure class='gallery-item'>\n\t\t\t<div class='gallery-icon landscape'>\n\t\t\t\t<a href='https:\/\/centralmedia.rs\/index.php\/2020\/05\/07\/prilazi-i-trotoari\/steva-pisar3-2\/'><img loading=\"lazy\" decoding=\"async\" width=\"150\" height=\"150\" src=\"https:\/\/centralmedia.rs\/wp-content\/uploads\/2020\/05\/steva-pisar3-1-150x150.jpg\" class=\"attachment-thumbnail size-thumbnail\" alt=\"\" \/><\/a>\n\t\t\t<\/div><\/figure><figure class='gallery-item'>\n\t\t\t<div class='gallery-icon portrait'>\n\t\t\t\t<a href='https:\/\/centralmedia.rs\/index.php\/2020\/05\/07\/prilazi-i-trotoari\/steva-pisar4\/'><img loading=\"lazy\" decoding=\"async\" width=\"150\" height=\"150\" src=\"https:\/\/centralmedia.rs\/wp-content\/uploads\/2020\/05\/steva-pisar4-150x150.jpg\" class=\"attachment-thumbnail size-thumbnail\" alt=\"\" \/><\/a>\n\t\t\t<\/div><\/figure><figure class='gallery-item'>\n\t\t\t<div class='gallery-icon landscape'>\n\t\t\t\t<a href='https:\/\/centralmedia.rs\/index.php\/2020\/05\/07\/prilazi-i-trotoari\/steva-pisar3\/'><img loading=\"lazy\" decoding=\"async\" width=\"150\" height=\"150\" src=\"https:\/\/centralmedia.rs\/wp-content\/uploads\/2020\/05\/steva-pisar3-150x150.jpg\" class=\"attachment-thumbnail size-thumbnail\" alt=\"\" \/><\/a>\n\t\t\t<\/div><\/figure>\n\t\t<\/div>\n\n<p>-Kada sam po\u010deo da radim ovaj posao izme\u0111u \u010detvrtine i tre\u0107ine ulica u gradu,bez prigradskih naselja, nije imalo asfalt,jo\u0161 vi\u0161e je bilo ulica bez kanalizacije. \u010cinilo se da se taj posao nikad ne\u0107e zavr\u0161iti. Ali evo, ve\u0107 godinama sve gradske ulice su asfalitrane, tema je sad rekonstrukcija postoje\u0107ih, a zavr\u0161avaju se i poslednji pe\u0161a\u010dki prilazi. Uskoro \u0107e tema asfaltiranja i poplo\u010davanja ulica i prilaza u gradu i prigradskim naseljima biti pro\u0161lost i po FB \u0107e se javljati gra\u0111ani ube\u0111eni da je &#8220;tako oduvek bilo&#8221; i da nikad ni\u0161ta po tom pitanju nije ni ra\u0111eno&#8230; tako izgleda napredak, neprimetno zaboravi\u0161 da je problem ikad postojao, osim ako nisi godinama u\u010destvovao u natezanju oko imovinskih problema, izrade planova, pregovora o bud\u017eetu&#8230;, dodaje on.<\/p>\n","protected":false},"excerpt":{"rendered":"<p>PARA\u0106IN- Kako je i dogovoreno na zborovima i prilikom susreta sa gra\u0111anima grade se trotoari u ulici Stevana Jakovljevi\u0107a i izgra\u0111en prilaz u ulici Steva &hellip; <\/p>\n","protected":false},"author":2,"featured_media":23858,"comment_status":"open","ping_status":"open","sticky":false,"template":"","format":"standard","meta":{"footnotes":""},"categories":[1524,2,1516,887,16,12],"tags":[156,4625,1130],"_links":{"self":[{"href":"https:\/\/centralmedia.rs\/index.php\/wp-json\/wp\/v2\/posts\/23857"}],"collection":[{"href":"https:\/\/centralmedia.rs\/index.php\/wp-json\/wp\/v2\/posts"}],"about":[{"href":"https:\/\/centralmedia.rs\/index.php\/wp-json\/wp\/v2\/types\/post"}],"author":[{"embeddable":true,"href":"https:\/\/centralmedia.rs\/index.php\/wp-json\/wp\/v2\/users\/2"}],"replies":[{"embeddable":true,"href":"https:\/\/centralmedia.rs\/index.php\/wp-json\/wp\/v2\/comments?post=23857"}],"version-history":[{"count":1,"href":"https:\/\/centralmedia.rs\/index.php\/wp-json\/wp\/v2\/posts\/23857\/revisions"}],"predecessor-version":[{"id":23867,"href":"https:\/\/centralmedia.rs\/index.php\/wp-json\/wp\/v2\/posts\/23857\/revisions\/23867"}],"wp:featuredmedia":[{"embeddable":true,"href":"https:\/\/centralmedia.rs\/index.php\/wp-json\/wp\/v2\/media\/23858"}],"wp:attachment":[{"href":"https:\/\/centralmedia.rs\/index.php\/wp-json\/wp\/v2\/media?parent=23857"}],"wp:term":[{"taxonomy":"category","embeddable":true,"href":"https:\/\/centralmedia.rs\/index.php\/wp-json\/wp\/v2\/categories?post=23857"},{"taxonomy":"post_tag","embeddable":true,"href":"https:\/\/centralmedia.rs\/index.php\/wp-json\/wp\/v2\/tags?post=23857"}],"curies":[{"name":"wp","href":"https:\/\/api.w.org\/{rel}","templated":true}]}}