{"id":23868,"date":"2020-05-07T13:10:01","date_gmt":"2020-05-07T13:10:01","guid":{"rendered":"http:\/\/centralmedia.rs\/?p=23868"},"modified":"2020-05-16T10:16:33","modified_gmt":"2020-05-16T10:16:33","slug":"nemci-ulazu-u-svilajncu-vise-miliona-evra-visokotehnoloski-proizvodi-za-izvoz","status":"publish","type":"post","link":"https:\/\/centralmedia.rs\/index.php\/2020\/05\/07\/nemci-ulazu-u-svilajncu-vise-miliona-evra-visokotehnoloski-proizvodi-za-izvoz\/","title":{"rendered":"NEMCI ULA\u017dU U SVILAJNCU VI\u0160E MILIONA EVRA &#8211; VISOKOTEHNOLO\u0160KI PROIZVODI ZA IZVOZ"},"content":{"rendered":"<p>SVILAJNAC- Nema\u010dke kompanije ,,HDT\u201d i ,,A2000&#8243;, kao i \u0161vajcarski ,,Regent&#8221; otvori\u0107e 330 radnih mesta u toku ove godine u Svilajncu. Investitori iz Nema\u010dke ulo\u017eili su vi\u0161e miliona evra u izgradnu \u00a0fabrika za proizvodnju visokoehnilo\u0161kih proizvoda u Svilajncu.<\/p>\n<div id='gallery-1' class='gallery galleryid-23868 gallery-columns-5 gallery-size-thumbnail'><figure class='gallery-item'>\n\t\t\t<div class='gallery-icon landscape'>\n\t\t\t\t<a href='https:\/\/centralmedia.rs\/index.php\/2020\/05\/07\/nemci-ulazu-u-svilajncu-vise-miliona-evra-visokotehnoloski-proizvodi-za-izvoz\/nemci2\/'><img loading=\"lazy\" decoding=\"async\" width=\"150\" height=\"150\" src=\"https:\/\/centralmedia.rs\/wp-content\/uploads\/2020\/05\/nemci2-150x150.jpg\" class=\"attachment-thumbnail size-thumbnail\" alt=\"\" \/><\/a>\n\t\t\t<\/div><\/figure><figure class='gallery-item'>\n\t\t\t<div class='gallery-icon landscape'>\n\t\t\t\t<a href='https:\/\/centralmedia.rs\/index.php\/2020\/05\/07\/nemci-ulazu-u-svilajncu-vise-miliona-evra-visokotehnoloski-proizvodi-za-izvoz\/nemci3\/'><img loading=\"lazy\" decoding=\"async\" width=\"150\" height=\"150\" src=\"https:\/\/centralmedia.rs\/wp-content\/uploads\/2020\/05\/nemci3-150x150.jpg\" class=\"attachment-thumbnail size-thumbnail\" alt=\"\" \/><\/a>\n\t\t\t<\/div><\/figure><figure class='gallery-item'>\n\t\t\t<div class='gallery-icon landscape'>\n\t\t\t\t<a href='https:\/\/centralmedia.rs\/index.php\/2020\/05\/07\/nemci-ulazu-u-svilajncu-vise-miliona-evra-visokotehnoloski-proizvodi-za-izvoz\/nemci4\/'><img loading=\"lazy\" decoding=\"async\" width=\"150\" height=\"150\" src=\"https:\/\/centralmedia.rs\/wp-content\/uploads\/2020\/05\/nemci4-150x150.jpg\" class=\"attachment-thumbnail size-thumbnail\" alt=\"\" \/><\/a>\n\t\t\t<\/div><\/figure><figure class='gallery-item'>\n\t\t\t<div class='gallery-icon landscape'>\n\t\t\t\t<a href='https:\/\/centralmedia.rs\/index.php\/2020\/05\/07\/nemci-ulazu-u-svilajncu-vise-miliona-evra-visokotehnoloski-proizvodi-za-izvoz\/nemci5\/'><img loading=\"lazy\" decoding=\"async\" width=\"150\" height=\"150\" src=\"https:\/\/centralmedia.rs\/wp-content\/uploads\/2020\/05\/nemci5-150x150.jpg\" class=\"attachment-thumbnail size-thumbnail\" alt=\"\" \/><\/a>\n\t\t\t<\/div><\/figure><figure class='gallery-item'>\n\t\t\t<div class='gallery-icon landscape'>\n\t\t\t\t<a href='https:\/\/centralmedia.rs\/index.php\/2020\/05\/07\/nemci-ulazu-u-svilajncu-vise-miliona-evra-visokotehnoloski-proizvodi-za-izvoz\/nemci6\/'><img loading=\"lazy\" decoding=\"async\" width=\"150\" height=\"150\" src=\"https:\/\/centralmedia.rs\/wp-content\/uploads\/2020\/05\/nemci6-150x150.jpg\" class=\"attachment-thumbnail size-thumbnail\" alt=\"\" \/><\/a>\n\t\t\t<\/div><\/figure>\n\t\t<\/div>\n\n<p>-Proizvodne hale su vredne milion evra, dok je oprema za proizvodnju veoma vredna. Linija za proizvodnju ko\u0161ta milion evra, a planiranio je da u prvoj fazi rade tri linije, kao i da se dugoro\u010dno \u00a0na hektaru izgrade \u010detiri ovakve hale, najavi je predsednik op\u0161tine Svilajnac Predrag Milanovi\u0107.<\/p>\n<p>,,HDT&#8221; se bavi elektri\u010dnih mernih instrumenata i krajem pro\u0161le godine potpisan ugovor o saradnji sa Op\u0161tinom Svilajnac i kupovinu zemlji\u0161ta u Slobodnoj zoni. Trenutno se zavr\u0161ava izgradnja fabrike od preko 2.000 kvadrata. Novih 100 radnih mesta zna\u010dajna su za sve stanovnike kako op\u0161tine Svilajnac tako i susednih op\u0161tina. Po\u010detak proizvodnje o\u010dekuje se ve\u0107 tokom leta.<\/p>\n<p>U drugoj industijskoj zoni u Svilajncu zapo\u010deta je izgradnja jo\u0161 jedne fabrike povr\u0161ine preko 1.000 kvadrata , za nema\u010dkog investitora koji u drugoj polovini ove godine tako\u0111e zapo\u010dinje svoju proizvodnju. Kompanija \u201eA2000\u201c koja se bavi proizvodnjom \u0161tampanih elektronskih plo\u010da predstavlja 100 dodatnih radnih mesta u op\u0161tini Svilajnac i poslova\u0107e u Novoj zoni privre\u0111ivanja gde je kupila hektar zemlje.<\/p>\n<p>&#8211; Svilajnac je pokazao da je spreman i sposoban za ovako velike projekte i za jako ozbiljne strane investitore. Tokom trajanja vanrednog stanja u na\u0161oj dr\u017eavi ni jedan investitor nije otpustio radnike i nije se zaustavljao proizvodni proces \u0161to je dokaz da privreda Svilajnca ima \u010dvrste temelje ali i da su mere Vlade, u vidu podsticaja privredi, bile pravovremene tako da se nadamo da ekonomska kriza koja prati pandemiju korona virusa ne\u0107e ostaviti zna\u010dajne posledice, izjavio je Milanovi\u0107.<\/p>\n<p>Pored dva nema\u010dka investitora, i brojnih poznatih brendova kao \u0161to su Vossloh-Schwabe,Ariston, Alfa tehniks i drugi, Op\u0161tina Svilajnac je u svoj ve\u0107 bogati investicioni portfolio dodala jo\u0161 jedan svetski poznati brend- \u0161vajcarsku kompaniju Regent.<\/p>\n<p>-Godinama unazad uspe\u0161no realizujemo proces dualnog obrazovanja i prvi u\u010denici koji su \u0161kolovani prema ovom sistemu dobi\u0107e ponude za posao u kompaniji Vossloh-Schwabe, gde su obavljali svoju praksu. Strani investitori koji otvaraju fabrike u Svilajncu nude kvalitetna radna mesta i tra\u017ee stru\u010dnu radnu snagu. Kao odgovor na to, obrazovni profili u Srednjoj \u0161koli u Svilajncu prilago\u0111eni su potrebama privrede i time smo zaokru\u017eili ceo proces, zaklju\u010dio je Milanovi\u0107.<\/p>\n<p>&nbsp;<\/p>\n","protected":false},"excerpt":{"rendered":"<p>SVILAJNAC- Nema\u010dke kompanije ,,HDT\u201d i ,,A2000&#8243;, kao i \u0161vajcarski ,,Regent&#8221; otvori\u0107e 330 radnih mesta u toku ove godine u Svilajncu. Investitori iz Nema\u010dke ulo\u017eili su &hellip; <\/p>\n","protected":false},"author":2,"featured_media":23869,"comment_status":"open","ping_status":"open","sticky":false,"template":"","format":"standard","meta":{"footnotes":""},"categories":[22,1524,2,887,12,1517],"tags":[1479,642,384,38],"_links":{"self":[{"href":"https:\/\/centralmedia.rs\/index.php\/wp-json\/wp\/v2\/posts\/23868"}],"collection":[{"href":"https:\/\/centralmedia.rs\/index.php\/wp-json\/wp\/v2\/posts"}],"about":[{"href":"https:\/\/centralmedia.rs\/index.php\/wp-json\/wp\/v2\/types\/post"}],"author":[{"embeddable":true,"href":"https:\/\/centralmedia.rs\/index.php\/wp-json\/wp\/v2\/users\/2"}],"replies":[{"embeddable":true,"href":"https:\/\/centralmedia.rs\/index.php\/wp-json\/wp\/v2\/comments?post=23868"}],"version-history":[{"count":1,"href":"https:\/\/centralmedia.rs\/index.php\/wp-json\/wp\/v2\/posts\/23868\/revisions"}],"predecessor-version":[{"id":23875,"href":"https:\/\/centralmedia.rs\/index.php\/wp-json\/wp\/v2\/posts\/23868\/revisions\/23875"}],"wp:featuredmedia":[{"embeddable":true,"href":"https:\/\/centralmedia.rs\/index.php\/wp-json\/wp\/v2\/media\/23869"}],"wp:attachment":[{"href":"https:\/\/centralmedia.rs\/index.php\/wp-json\/wp\/v2\/media?parent=23868"}],"wp:term":[{"taxonomy":"category","embeddable":true,"href":"https:\/\/centralmedia.rs\/index.php\/wp-json\/wp\/v2\/categories?post=23868"},{"taxonomy":"post_tag","embeddable":true,"href":"https:\/\/centralmedia.rs\/index.php\/wp-json\/wp\/v2\/tags?post=23868"}],"curies":[{"name":"wp","href":"https:\/\/api.w.org\/{rel}","templated":true}]}}