{"id":23881,"date":"2020-05-11T13:32:09","date_gmt":"2020-05-11T13:32:09","guid":{"rendered":"http:\/\/centralmedia.rs\/?p=23881"},"modified":"2020-05-16T10:27:51","modified_gmt":"2020-05-16T10:27:51","slug":"uhapsen-razbojnik-koji-je-nozem-povredivao-zrtve-i-otimao-novac","status":"publish","type":"post","link":"https:\/\/centralmedia.rs\/index.php\/2020\/05\/11\/uhapsen-razbojnik-koji-je-nozem-povredivao-zrtve-i-otimao-novac\/","title":{"rendered":"UHAP\u0160EN RAZBOJNIK KOJI JE NO\u017dEM POVRE\u0110IVAO \u017dRTVE I OTIMAO NOVAC"},"content":{"rendered":"<p><em>\u0106UPRIJA-<\/em><em>Pripadnici Ministarstva unutra\u0161njih poslova u \u0106upriji uhapsili su D. P. (<\/em><em>39<\/em><em>) iz \u0106uprije, zbog postojanja osnova sumnje da je izvr\u0161io krivi\u010dno delo razbojni\u0161tvo<\/em><em>, saop\u0161teno je iz PU Jagodina<\/em><em>.<\/em><\/p>\n<p><em>On se sumnji\u010di da je 7. maja ove godine, uz pretnju no\u017eem, od tridesetogodi\u0161njeg sugra\u0111anina oteo nov\u010danik i pritom ga posekao po ruci i butini.\u00a0<\/em><em>Povre\u0111eni mu\u0161karac zbrinut je u Op\u0161toj bolnici u \u0106upriji.\u00a0<\/em><em>Osumnji\u010denom je odre\u0111eno zadr\u017eavanje do 48 sati nakon \u010dega \u0107e, uz krivi\u010dnu prijavu, biti priveden nadle\u017enom tu\u017eila\u0161tvu.<\/em><\/p>\n","protected":false},"excerpt":{"rendered":"<p>\u0106UPRIJA-Pripadnici Ministarstva unutra\u0161njih poslova u \u0106upriji uhapsili su D. P. (39) iz \u0106uprije, zbog postojanja osnova sumnje da je izvr\u0161io krivi\u010dno delo razbojni\u0161tvo, saop\u0161teno je &hellip; <\/p>\n","protected":false},"author":2,"featured_media":13881,"comment_status":"open","ping_status":"open","sticky":false,"template":"","format":"standard","meta":{"footnotes":""},"categories":[1515,1524,20,2,12],"tags":[44,4628,1103,129,117],"_links":{"self":[{"href":"https:\/\/centralmedia.rs\/index.php\/wp-json\/wp\/v2\/posts\/23881"}],"collection":[{"href":"https:\/\/centralmedia.rs\/index.php\/wp-json\/wp\/v2\/posts"}],"about":[{"href":"https:\/\/centralmedia.rs\/index.php\/wp-json\/wp\/v2\/types\/post"}],"author":[{"embeddable":true,"href":"https:\/\/centralmedia.rs\/index.php\/wp-json\/wp\/v2\/users\/2"}],"replies":[{"embeddable":true,"href":"https:\/\/centralmedia.rs\/index.php\/wp-json\/wp\/v2\/comments?post=23881"}],"version-history":[{"count":4,"href":"https:\/\/centralmedia.rs\/index.php\/wp-json\/wp\/v2\/posts\/23881\/revisions"}],"predecessor-version":[{"id":23885,"href":"https:\/\/centralmedia.rs\/index.php\/wp-json\/wp\/v2\/posts\/23881\/revisions\/23885"}],"wp:featuredmedia":[{"embeddable":true,"href":"https:\/\/centralmedia.rs\/index.php\/wp-json\/wp\/v2\/media\/13881"}],"wp:attachment":[{"href":"https:\/\/centralmedia.rs\/index.php\/wp-json\/wp\/v2\/media?parent=23881"}],"wp:term":[{"taxonomy":"category","embeddable":true,"href":"https:\/\/centralmedia.rs\/index.php\/wp-json\/wp\/v2\/categories?post=23881"},{"taxonomy":"post_tag","embeddable":true,"href":"https:\/\/centralmedia.rs\/index.php\/wp-json\/wp\/v2\/tags?post=23881"}],"curies":[{"name":"wp","href":"https:\/\/api.w.org\/{rel}","templated":true}]}}