{"id":23888,"date":"2020-05-11T14:31:02","date_gmt":"2020-05-11T14:31:02","guid":{"rendered":"http:\/\/centralmedia.rs\/?p=23888"},"modified":"2020-05-16T10:17:05","modified_gmt":"2020-05-16T10:17:05","slug":"izbeglim-porodicama-iz-hrvatkse-14-stanova-u-svilajncu","status":"publish","type":"post","link":"https:\/\/centralmedia.rs\/index.php\/2020\/05\/11\/izbeglim-porodicama-iz-hrvatkse-14-stanova-u-svilajncu\/","title":{"rendered":"IZBEGLIM PORODICAMA IZ HRVATSKE 14 STANOVA U SVILAJNCU"},"content":{"rendered":"<p>SVILAJNAC- Na zasedanju Op\u0161tinskog Ve\u0107a u Svilajncu usvojen je akt kojim se tuma\u010di Lokalni akcioni plan za unapre\u0111enje polo\u017eaja migranata na teritoriji op\u0161tine Svilajnac 2018-2022. godine kako bi bile otklonjene sve nedoumice i pogre\u0161na tuma\u010denja pomenutog dokumenta.<\/p>\n<p>-Ovim tuma\u010denjem smo jo\u0161 jednom potvrdili da pod pojmom migranti podrazumevamo izbeglice koju su zbog rata napustile svoje domove na prostoru biv\u0161e Jugoslavije i interno raseljena lica sa teritorije KiM. Svi organi Op\u0161tine Svilajnac ovla\u0161\u0107eni su da se bave isklju\u010divo potrebama izbeglica i interno raseljenih lica koja se nalaze na na\u0161oj teritoriji. Zahvaljuju\u0107i Lokalnom akcionom planu na ovoj sednici dodeljeni su i stanovi za 14 porodica koje su izbegle iz Hrvatske. Ovim smo jo\u0161 jednom potvrdili da nema potrebe da gra\u0111ani brinu zbog naseljavanja migranata poreklom sa podru\u010dja Bliskog istoka i Afrike, izjavio je predsednik op\u0161tine Svilajnac Predrag Milanovi\u0107.<br \/>\nPored ove odluke na sednici Ve\u0107a doneta je i Odluka o rebalansu bud\u017eeta kojim \u0107e biti pokriveni tro\u0161kovi izazvani vanrednim stanjem i prevencijom pojave i \u0161irenja virusa COVID-19 kao i Re\u0161enje o nagra\u0111ivanju zdravstvenih radnika anga\u017eovanim na poslovima le\u010denja, testiranja i organizacije poslova u le\u010denju gra\u0111ana od infekcije COVID-19.<\/p>\n<p>-\u017deleli smo da poka\u017eemo zahvalnost zdravstvenim radnicima koji su bili na prvoj liniji odbrane od koronavirusa, pre svih onima koji su radili u COVID ambulanti, u radiolo\u0161koj slu\u017ebi i laboratoriji, dodaje Milanovi\u0107 .<\/p>\n","protected":false},"excerpt":{"rendered":"<p>SVILAJNAC- Na zasedanju Op\u0161tinskog Ve\u0107a u Svilajncu usvojen je akt kojim se tuma\u010di Lokalni akcioni plan za unapre\u0111enje polo\u017eaja migranata na teritoriji op\u0161tine Svilajnac 2018-2022. &hellip; <\/p>\n","protected":false},"author":2,"featured_media":23889,"comment_status":"open","ping_status":"open","sticky":false,"template":"","format":"standard","meta":{"footnotes":""},"categories":[1524,2,13,887,12,1517],"tags":[1979,1441,3466,38],"_links":{"self":[{"href":"https:\/\/centralmedia.rs\/index.php\/wp-json\/wp\/v2\/posts\/23888"}],"collection":[{"href":"https:\/\/centralmedia.rs\/index.php\/wp-json\/wp\/v2\/posts"}],"about":[{"href":"https:\/\/centralmedia.rs\/index.php\/wp-json\/wp\/v2\/types\/post"}],"author":[{"embeddable":true,"href":"https:\/\/centralmedia.rs\/index.php\/wp-json\/wp\/v2\/users\/2"}],"replies":[{"embeddable":true,"href":"https:\/\/centralmedia.rs\/index.php\/wp-json\/wp\/v2\/comments?post=23888"}],"version-history":[{"count":2,"href":"https:\/\/centralmedia.rs\/index.php\/wp-json\/wp\/v2\/posts\/23888\/revisions"}],"predecessor-version":[{"id":23891,"href":"https:\/\/centralmedia.rs\/index.php\/wp-json\/wp\/v2\/posts\/23888\/revisions\/23891"}],"wp:featuredmedia":[{"embeddable":true,"href":"https:\/\/centralmedia.rs\/index.php\/wp-json\/wp\/v2\/media\/23889"}],"wp:attachment":[{"href":"https:\/\/centralmedia.rs\/index.php\/wp-json\/wp\/v2\/media?parent=23888"}],"wp:term":[{"taxonomy":"category","embeddable":true,"href":"https:\/\/centralmedia.rs\/index.php\/wp-json\/wp\/v2\/categories?post=23888"},{"taxonomy":"post_tag","embeddable":true,"href":"https:\/\/centralmedia.rs\/index.php\/wp-json\/wp\/v2\/tags?post=23888"}],"curies":[{"name":"wp","href":"https:\/\/api.w.org\/{rel}","templated":true}]}}