{"id":23895,"date":"2020-05-11T15:43:36","date_gmt":"2020-05-11T15:43:36","guid":{"rendered":"http:\/\/centralmedia.rs\/?p=23895"},"modified":"2020-05-11T15:43:36","modified_gmt":"2020-05-11T15:43:36","slug":"treci-krug-podele-pomoci-u-paracinu","status":"publish","type":"post","link":"https:\/\/centralmedia.rs\/index.php\/2020\/05\/11\/treci-krug-podele-pomoci-u-paracinu\/","title":{"rendered":"TRE\u0106I KRUG PODELE POMO\u0106I U PARA\u0106INU"},"content":{"rendered":"<p>PARA\u0106IN- \u00a0Centar za socijalni rad i Slu\u017eba za podr\u0161ku op\u0161tine Para\u0107in priprema tre\u0107i krug podele humanitarnih paketa pomo\u0107i, koji \u0107e u narednom periodu, biti organizovan u svim gradskim i seokim mesnim zajednicama. U prvom i drugom krugu, pomo\u0107 su dobili stariji od 65 godina koji su bez mla\u0111ih srodnika i porododice bez ili u sa minimalnim primanjima, sa te\u0161ko bolesnim \u010dlanovima, a u narednom pedriodu dobi\u0107e gra\u0111ani u stanju socijalne potrebe koji su zahteve podneli tokom aprila<\/p>\n","protected":false},"excerpt":{"rendered":"<p>PARA\u0106IN- \u00a0Centar za socijalni rad i Slu\u017eba za podr\u0161ku op\u0161tine Para\u0107in priprema tre\u0107i krug podele humanitarnih paketa pomo\u0107i, koji \u0107e u narednom periodu, biti organizovan &hellip; <\/p>\n","protected":false},"author":2,"featured_media":23706,"comment_status":"open","ping_status":"open","sticky":false,"template":"","format":"standard","meta":{"footnotes":""},"categories":[14,1524,2,1516,887,12],"tags":[156,4631,172],"_links":{"self":[{"href":"https:\/\/centralmedia.rs\/index.php\/wp-json\/wp\/v2\/posts\/23895"}],"collection":[{"href":"https:\/\/centralmedia.rs\/index.php\/wp-json\/wp\/v2\/posts"}],"about":[{"href":"https:\/\/centralmedia.rs\/index.php\/wp-json\/wp\/v2\/types\/post"}],"author":[{"embeddable":true,"href":"https:\/\/centralmedia.rs\/index.php\/wp-json\/wp\/v2\/users\/2"}],"replies":[{"embeddable":true,"href":"https:\/\/centralmedia.rs\/index.php\/wp-json\/wp\/v2\/comments?post=23895"}],"version-history":[{"count":1,"href":"https:\/\/centralmedia.rs\/index.php\/wp-json\/wp\/v2\/posts\/23895\/revisions"}],"predecessor-version":[{"id":23896,"href":"https:\/\/centralmedia.rs\/index.php\/wp-json\/wp\/v2\/posts\/23895\/revisions\/23896"}],"wp:featuredmedia":[{"embeddable":true,"href":"https:\/\/centralmedia.rs\/index.php\/wp-json\/wp\/v2\/media\/23706"}],"wp:attachment":[{"href":"https:\/\/centralmedia.rs\/index.php\/wp-json\/wp\/v2\/media?parent=23895"}],"wp:term":[{"taxonomy":"category","embeddable":true,"href":"https:\/\/centralmedia.rs\/index.php\/wp-json\/wp\/v2\/categories?post=23895"},{"taxonomy":"post_tag","embeddable":true,"href":"https:\/\/centralmedia.rs\/index.php\/wp-json\/wp\/v2\/tags?post=23895"}],"curies":[{"name":"wp","href":"https:\/\/api.w.org\/{rel}","templated":true}]}}