{"id":2392,"date":"2016-03-14T09:26:04","date_gmt":"2016-03-14T09:26:04","guid":{"rendered":"http:\/\/centralmedia.rs\/?p=2392"},"modified":"2016-03-14T09:26:04","modified_gmt":"2016-03-14T09:26:04","slug":"svajcarci-ulazu-2-miliona-evra","status":"publish","type":"post","link":"https:\/\/centralmedia.rs\/index.php\/2016\/03\/14\/svajcarci-ulazu-2-miliona-evra\/","title":{"rendered":"\u0160VAJCARCI ULA\u017dU 2 MILIONA EVRA"},"content":{"rendered":"<p>SVILAJNAC-Op\u0161tina Svilajnac potpisa\u0107e u utorak ugovor sa \u0161vajcarskim investitorom \u201ePMTechnik\u201c o novoj investiciji vrednoj 2 miliona evra i zapo\u0161ljavanju 50 radnika, saop\u0161tila je Infromativna slu\u017eba te op\u0161tine. Ovim povodom gosti Svilajnca bi\u0107e predstavnici Ambasade \u0160vajcarske, Polin Mentone, zamenica \u0161vajcarskog ambasadora i Dragica Tom\u010di\u0107, ekonomski ata\u0161e.<br \/>\n&#8211; Ova kompanija zakupljuje proizvodnu halu u industrijskoj zoni \u201eVeliko polje\u201c u Svilajncu i bavi\u0107e se preciznom mehanikom. Proizvodnja po\u010dinje  ove godine. Op\u0161tina Svilajnac je prethodno kompletno infrastrukturno opremila industrijsku zonu, uredila i spremila halu za novog investitora, kao i sve saobra\u0107ajnice u zoni, stoji u saop\u0161tenju te op\u0161tine.<br \/>\nIna\u010de, re\u010d je o najve\u0107oj stranoj investiciji ove godine u Svilajncu, koji mo\u017ee da se pohvali sa vi\u0161e stranih i doma\u0107ih stabilnih investicija i potpuno zavr\u0161enim procesom privatizacije. To je doprinelo zna\u010dajnom smanjenu broja nezaposlenih i kontinuiranom privrednom rastu u Svilajncu.<br \/>\nU ovoj zoni posluje japanska kompanija PANASONIK, koja je kupila proizvodnu halu i nedavno pove\u0107ala broj radnika na 390, umesto planiranih 300. U 2016. godini pro\u0161iri\u0107e pogon, proizvodnju i broj radnika, \u010dime postaje najve\u0107a i najdugoro\u010dnija strana investicija na teritoriji op\u0161tine Svilajnac.<\/p>\n","protected":false},"excerpt":{"rendered":"<p>SVILAJNAC-Op\u0161tina Svilajnac potpisa\u0107e u utorak ugovor sa \u0161vajcarskim investitorom \u201ePMTechnik\u201c o novoj investiciji vrednoj 2 miliona evra i zapo\u0161ljavanju 50 radnika, saop\u0161tila je Infromativna slu\u017eba &hellip; <\/p>\n","protected":false},"author":4,"featured_media":2393,"comment_status":"open","ping_status":"open","sticky":false,"template":"","format":"standard","meta":{"footnotes":""},"categories":[22,2,12],"tags":[385,384,38],"_links":{"self":[{"href":"https:\/\/centralmedia.rs\/index.php\/wp-json\/wp\/v2\/posts\/2392"}],"collection":[{"href":"https:\/\/centralmedia.rs\/index.php\/wp-json\/wp\/v2\/posts"}],"about":[{"href":"https:\/\/centralmedia.rs\/index.php\/wp-json\/wp\/v2\/types\/post"}],"author":[{"embeddable":true,"href":"https:\/\/centralmedia.rs\/index.php\/wp-json\/wp\/v2\/users\/4"}],"replies":[{"embeddable":true,"href":"https:\/\/centralmedia.rs\/index.php\/wp-json\/wp\/v2\/comments?post=2392"}],"version-history":[{"count":0,"href":"https:\/\/centralmedia.rs\/index.php\/wp-json\/wp\/v2\/posts\/2392\/revisions"}],"wp:featuredmedia":[{"embeddable":true,"href":"https:\/\/centralmedia.rs\/index.php\/wp-json\/wp\/v2\/media\/2393"}],"wp:attachment":[{"href":"https:\/\/centralmedia.rs\/index.php\/wp-json\/wp\/v2\/media?parent=2392"}],"wp:term":[{"taxonomy":"category","embeddable":true,"href":"https:\/\/centralmedia.rs\/index.php\/wp-json\/wp\/v2\/categories?post=2392"},{"taxonomy":"post_tag","embeddable":true,"href":"https:\/\/centralmedia.rs\/index.php\/wp-json\/wp\/v2\/tags?post=2392"}],"curies":[{"name":"wp","href":"https:\/\/api.w.org\/{rel}","templated":true}]}}