{"id":23920,"date":"2020-05-12T16:15:42","date_gmt":"2020-05-12T16:15:42","guid":{"rendered":"http:\/\/centralmedia.rs\/?p=23920"},"modified":"2020-05-16T10:19:44","modified_gmt":"2020-05-16T10:19:44","slug":"uredenje-planinskih-puteva","status":"publish","type":"post","link":"https:\/\/centralmedia.rs\/index.php\/2020\/05\/12\/uredenje-planinskih-puteva\/","title":{"rendered":"URE\u0110ENJE PLANINSKIH PUTEVA"},"content":{"rendered":"<p>PARA\u0106IN- U Buljanu kod Para\u0107ina u toku je ure\u0111enje planinskih puteva. Ure\u0111en je put prema Sisevcu iz pravca Buljana, kao i \u00a0put Sisevac-Lisiji deo.<\/p>\n<div id='gallery-1' class='gallery galleryid-23920 gallery-columns-2 gallery-size-full'><figure class='gallery-item'>\n\t\t\t<div class='gallery-icon landscape'>\n\t\t\t\t<a href='https:\/\/centralmedia.rs\/index.php\/2020\/05\/12\/uredenje-planinskih-puteva\/put-sisevac1\/'><img loading=\"lazy\" decoding=\"async\" width=\"960\" height=\"720\" src=\"https:\/\/centralmedia.rs\/wp-content\/uploads\/2020\/05\/put-sisevac1.jpg\" class=\"attachment-full size-full\" alt=\"\" srcset=\"https:\/\/centralmedia.rs\/wp-content\/uploads\/2020\/05\/put-sisevac1.jpg 960w, https:\/\/centralmedia.rs\/wp-content\/uploads\/2020\/05\/put-sisevac1-300x225.jpg 300w, https:\/\/centralmedia.rs\/wp-content\/uploads\/2020\/05\/put-sisevac1-768x576.jpg 768w, https:\/\/centralmedia.rs\/wp-content\/uploads\/2020\/05\/put-sisevac1-560x420.jpg 560w, https:\/\/centralmedia.rs\/wp-content\/uploads\/2020\/05\/put-sisevac1-80x60.jpg 80w, https:\/\/centralmedia.rs\/wp-content\/uploads\/2020\/05\/put-sisevac1-100x75.jpg 100w, https:\/\/centralmedia.rs\/wp-content\/uploads\/2020\/05\/put-sisevac1-180x135.jpg 180w, https:\/\/centralmedia.rs\/wp-content\/uploads\/2020\/05\/put-sisevac1-238x178.jpg 238w, https:\/\/centralmedia.rs\/wp-content\/uploads\/2020\/05\/put-sisevac1-640x480.jpg 640w, https:\/\/centralmedia.rs\/wp-content\/uploads\/2020\/05\/put-sisevac1-681x511.jpg 681w\" sizes=\"(max-width: 960px) 100vw, 960px\" \/><\/a>\n\t\t\t<\/div><\/figure><figure class='gallery-item'>\n\t\t\t<div class='gallery-icon landscape'>\n\t\t\t\t<a href='https:\/\/centralmedia.rs\/index.php\/2020\/05\/12\/uredenje-planinskih-puteva\/put-sisevac2\/'><img loading=\"lazy\" decoding=\"async\" width=\"960\" height=\"720\" src=\"https:\/\/centralmedia.rs\/wp-content\/uploads\/2020\/05\/put-sisevac2.jpg\" class=\"attachment-full size-full\" alt=\"\" srcset=\"https:\/\/centralmedia.rs\/wp-content\/uploads\/2020\/05\/put-sisevac2.jpg 960w, https:\/\/centralmedia.rs\/wp-content\/uploads\/2020\/05\/put-sisevac2-300x225.jpg 300w, https:\/\/centralmedia.rs\/wp-content\/uploads\/2020\/05\/put-sisevac2-768x576.jpg 768w, https:\/\/centralmedia.rs\/wp-content\/uploads\/2020\/05\/put-sisevac2-560x420.jpg 560w, https:\/\/centralmedia.rs\/wp-content\/uploads\/2020\/05\/put-sisevac2-80x60.jpg 80w, https:\/\/centralmedia.rs\/wp-content\/uploads\/2020\/05\/put-sisevac2-100x75.jpg 100w, https:\/\/centralmedia.rs\/wp-content\/uploads\/2020\/05\/put-sisevac2-180x135.jpg 180w, https:\/\/centralmedia.rs\/wp-content\/uploads\/2020\/05\/put-sisevac2-238x178.jpg 238w, https:\/\/centralmedia.rs\/wp-content\/uploads\/2020\/05\/put-sisevac2-640x480.jpg 640w, https:\/\/centralmedia.rs\/wp-content\/uploads\/2020\/05\/put-sisevac2-681x511.jpg 681w\" sizes=\"(max-width: 960px) 100vw, 960px\" \/><\/a>\n\t\t\t<\/div><\/figure>\n\t\t<\/div>\n\n","protected":false},"excerpt":{"rendered":"<p>PARA\u0106IN- U Buljanu kod Para\u0107ina u toku je ure\u0111enje planinskih puteva. Ure\u0111en je put prema Sisevcu iz pravca Buljana, kao i \u00a0put Sisevac-Lisiji deo.<\/p>\n","protected":false},"author":2,"featured_media":23921,"comment_status":"open","ping_status":"open","sticky":false,"template":"","format":"standard","meta":{"footnotes":""},"categories":[1524,2,1516,887,16,12],"tags":[1221,156,4511],"_links":{"self":[{"href":"https:\/\/centralmedia.rs\/index.php\/wp-json\/wp\/v2\/posts\/23920"}],"collection":[{"href":"https:\/\/centralmedia.rs\/index.php\/wp-json\/wp\/v2\/posts"}],"about":[{"href":"https:\/\/centralmedia.rs\/index.php\/wp-json\/wp\/v2\/types\/post"}],"author":[{"embeddable":true,"href":"https:\/\/centralmedia.rs\/index.php\/wp-json\/wp\/v2\/users\/2"}],"replies":[{"embeddable":true,"href":"https:\/\/centralmedia.rs\/index.php\/wp-json\/wp\/v2\/comments?post=23920"}],"version-history":[{"count":1,"href":"https:\/\/centralmedia.rs\/index.php\/wp-json\/wp\/v2\/posts\/23920\/revisions"}],"predecessor-version":[{"id":23924,"href":"https:\/\/centralmedia.rs\/index.php\/wp-json\/wp\/v2\/posts\/23920\/revisions\/23924"}],"wp:featuredmedia":[{"embeddable":true,"href":"https:\/\/centralmedia.rs\/index.php\/wp-json\/wp\/v2\/media\/23921"}],"wp:attachment":[{"href":"https:\/\/centralmedia.rs\/index.php\/wp-json\/wp\/v2\/media?parent=23920"}],"wp:term":[{"taxonomy":"category","embeddable":true,"href":"https:\/\/centralmedia.rs\/index.php\/wp-json\/wp\/v2\/categories?post=23920"},{"taxonomy":"post_tag","embeddable":true,"href":"https:\/\/centralmedia.rs\/index.php\/wp-json\/wp\/v2\/tags?post=23920"}],"curies":[{"name":"wp","href":"https:\/\/api.w.org\/{rel}","templated":true}]}}