{"id":23932,"date":"2020-05-12T16:37:33","date_gmt":"2020-05-12T16:37:33","guid":{"rendered":"http:\/\/centralmedia.rs\/?p=23932"},"modified":"2020-05-16T10:19:58","modified_gmt":"2020-05-16T10:19:58","slug":"izgradnja-dve-ulice-u-donjem-vidovu","status":"publish","type":"post","link":"https:\/\/centralmedia.rs\/index.php\/2020\/05\/12\/izgradnja-dve-ulice-u-donjem-vidovu\/","title":{"rendered":"IZGRADNJA DVE ULICE U DONJEM VIDOVU"},"content":{"rendered":"<p>PARA\u0106IN- Kako je dogovoreno sa me\u0161tanima na zborovima u toku je izgradnja dve ulice u Donjem Vidovu kod Para\u0107ina. Re\u010d je o ulicama Carice Milice i \u0160umadijskoj.<\/p>\n<p>&#8211; Gradimo po dve ulice u Drenovcu i Donjem Vidovu, a posle toga slede radovi u Rataru, Sikirici, Stubici i Buljanu, kao i \u0160aludovcu i prekomoavskim selima. U 20 sela bi\u0107e izgra\u0111eno 26 ulica tokom ove godine. ispunjavamo obe\u0107anja data gara\u0111anima i sprovodi se plan da sve ulice u selima dobiju asfalt, rekao je predsednik te op\u0161tine Sa\u0161a Paunovi\u0107.<\/p>\n<div id='gallery-1' class='gallery galleryid-23932 gallery-columns-3 gallery-size-thumbnail'><figure class='gallery-item'>\n\t\t\t<div class='gallery-icon landscape'>\n\t\t\t\t<a href='https:\/\/centralmedia.rs\/index.php\/2020\/05\/12\/izgradnja-dve-ulice-u-donjem-vidovu\/dve-ulice-donje-vidovo1\/'><img loading=\"lazy\" decoding=\"async\" width=\"150\" height=\"150\" src=\"https:\/\/centralmedia.rs\/wp-content\/uploads\/2020\/05\/dve-ulice-donje-vidovo1-150x150.jpg\" class=\"attachment-thumbnail size-thumbnail\" alt=\"\" \/><\/a>\n\t\t\t<\/div><\/figure><figure class='gallery-item'>\n\t\t\t<div class='gallery-icon landscape'>\n\t\t\t\t<a href='https:\/\/centralmedia.rs\/index.php\/2020\/05\/12\/izgradnja-dve-ulice-u-donjem-vidovu\/dve-ulice-donje-vidovo2\/'><img loading=\"lazy\" decoding=\"async\" width=\"150\" height=\"150\" src=\"https:\/\/centralmedia.rs\/wp-content\/uploads\/2020\/05\/dve-ulice-donje-vidovo2-150x150.jpg\" class=\"attachment-thumbnail size-thumbnail\" alt=\"\" \/><\/a>\n\t\t\t<\/div><\/figure><figure class='gallery-item'>\n\t\t\t<div class='gallery-icon landscape'>\n\t\t\t\t<a href='https:\/\/centralmedia.rs\/index.php\/2020\/05\/12\/izgradnja-dve-ulice-u-donjem-vidovu\/dve-ulice-donje-vidovo3\/'><img loading=\"lazy\" decoding=\"async\" width=\"150\" height=\"150\" src=\"https:\/\/centralmedia.rs\/wp-content\/uploads\/2020\/05\/dve-ulice-donje-vidovo3-150x150.jpg\" class=\"attachment-thumbnail size-thumbnail\" alt=\"\" \/><\/a>\n\t\t\t<\/div><\/figure>\n\t\t<\/div>\n\n<p>&nbsp;<\/p>\n","protected":false},"excerpt":{"rendered":"<p>PARA\u0106IN- Kako je dogovoreno sa me\u0161tanima na zborovima u toku je izgradnja dve ulice u Donjem Vidovu kod Para\u0107ina. Re\u010d je o ulicama Carice Milice &hellip; <\/p>\n","protected":false},"author":2,"featured_media":23933,"comment_status":"open","ping_status":"open","sticky":false,"template":"","format":"standard","meta":{"footnotes":""},"categories":[1524,2,1516,887,16,12],"tags":[1358,972,156,3296],"_links":{"self":[{"href":"https:\/\/centralmedia.rs\/index.php\/wp-json\/wp\/v2\/posts\/23932"}],"collection":[{"href":"https:\/\/centralmedia.rs\/index.php\/wp-json\/wp\/v2\/posts"}],"about":[{"href":"https:\/\/centralmedia.rs\/index.php\/wp-json\/wp\/v2\/types\/post"}],"author":[{"embeddable":true,"href":"https:\/\/centralmedia.rs\/index.php\/wp-json\/wp\/v2\/users\/2"}],"replies":[{"embeddable":true,"href":"https:\/\/centralmedia.rs\/index.php\/wp-json\/wp\/v2\/comments?post=23932"}],"version-history":[{"count":1,"href":"https:\/\/centralmedia.rs\/index.php\/wp-json\/wp\/v2\/posts\/23932\/revisions"}],"predecessor-version":[{"id":23937,"href":"https:\/\/centralmedia.rs\/index.php\/wp-json\/wp\/v2\/posts\/23932\/revisions\/23937"}],"wp:featuredmedia":[{"embeddable":true,"href":"https:\/\/centralmedia.rs\/index.php\/wp-json\/wp\/v2\/media\/23933"}],"wp:attachment":[{"href":"https:\/\/centralmedia.rs\/index.php\/wp-json\/wp\/v2\/media?parent=23932"}],"wp:term":[{"taxonomy":"category","embeddable":true,"href":"https:\/\/centralmedia.rs\/index.php\/wp-json\/wp\/v2\/categories?post=23932"},{"taxonomy":"post_tag","embeddable":true,"href":"https:\/\/centralmedia.rs\/index.php\/wp-json\/wp\/v2\/tags?post=23932"}],"curies":[{"name":"wp","href":"https:\/\/api.w.org\/{rel}","templated":true}]}}