{"id":23944,"date":"2020-05-14T00:59:27","date_gmt":"2020-05-14T00:59:27","guid":{"rendered":"http:\/\/centralmedia.rs\/?p=23944"},"modified":"2020-05-16T10:23:04","modified_gmt":"2020-05-16T10:23:04","slug":"dom-kulture-u-lesju","status":"publish","type":"post","link":"https:\/\/centralmedia.rs\/index.php\/2020\/05\/14\/dom-kulture-u-lesju\/","title":{"rendered":"DOM KULTURE U LE\u0160JU"},"content":{"rendered":"<p>PARA\u0106IN- U Mesnoj zajednici Le\u0161je kod Para\u0107ina nastavljeni su radovi na adaptaciji objekta Doma kulture. Na zboru gra\u0111ana dogovoren je nastavak izgradnje i sada se zavr\u0161avaju radovi na fasadi. Predhodno su obavljeni unutra\u0161nji radovi u vi\u0161e faza. Objekat je tako priveden nameni. Re\u010d je o jednom od objekata domova kulture u selima koje para\u0107inska lokalna samouprava planira da rekonstrui\u0161e u ovoj godini. Ina\u010de, objekat u Le\u0161ju je proki\u0161njavao, pa je zamenjen krov, kao i stolarija, a dom \u0107e dobiti mokri \u010dvor, stolove i stolice, kuhinju, te sve \u0161to je potrebno za selo.<\/p>\n<div id='gallery-1' class='gallery galleryid-23944 gallery-columns-3 gallery-size-full'><figure class='gallery-item'>\n\t\t\t<div class='gallery-icon landscape'>\n\t\t\t\t<a href='https:\/\/centralmedia.rs\/index.php\/2020\/05\/14\/dom-kulture-u-lesju\/dom-lesje2\/'><img loading=\"lazy\" decoding=\"async\" width=\"2048\" height=\"1152\" src=\"https:\/\/centralmedia.rs\/wp-content\/uploads\/2020\/05\/dom-lesje2.jpg\" class=\"attachment-full size-full\" alt=\"\" srcset=\"https:\/\/centralmedia.rs\/wp-content\/uploads\/2020\/05\/dom-lesje2.jpg 2048w, https:\/\/centralmedia.rs\/wp-content\/uploads\/2020\/05\/dom-lesje2-300x169.jpg 300w, https:\/\/centralmedia.rs\/wp-content\/uploads\/2020\/05\/dom-lesje2-768x432.jpg 768w, https:\/\/centralmedia.rs\/wp-content\/uploads\/2020\/05\/dom-lesje2-1024x576.jpg 1024w, https:\/\/centralmedia.rs\/wp-content\/uploads\/2020\/05\/dom-lesje2-747x420.jpg 747w, https:\/\/centralmedia.rs\/wp-content\/uploads\/2020\/05\/dom-lesje2-640x360.jpg 640w, https:\/\/centralmedia.rs\/wp-content\/uploads\/2020\/05\/dom-lesje2-681x383.jpg 681w\" sizes=\"(max-width: 2048px) 100vw, 2048px\" \/><\/a>\n\t\t\t<\/div><\/figure><figure class='gallery-item'>\n\t\t\t<div class='gallery-icon landscape'>\n\t\t\t\t<a href='https:\/\/centralmedia.rs\/index.php\/2020\/05\/14\/dom-kulture-u-lesju\/dom-lesje3\/'><img loading=\"lazy\" decoding=\"async\" width=\"2048\" height=\"1152\" src=\"https:\/\/centralmedia.rs\/wp-content\/uploads\/2020\/05\/dom-lesje3.jpg\" class=\"attachment-full size-full\" alt=\"\" srcset=\"https:\/\/centralmedia.rs\/wp-content\/uploads\/2020\/05\/dom-lesje3.jpg 2048w, https:\/\/centralmedia.rs\/wp-content\/uploads\/2020\/05\/dom-lesje3-300x169.jpg 300w, https:\/\/centralmedia.rs\/wp-content\/uploads\/2020\/05\/dom-lesje3-768x432.jpg 768w, https:\/\/centralmedia.rs\/wp-content\/uploads\/2020\/05\/dom-lesje3-1024x576.jpg 1024w, https:\/\/centralmedia.rs\/wp-content\/uploads\/2020\/05\/dom-lesje3-747x420.jpg 747w, https:\/\/centralmedia.rs\/wp-content\/uploads\/2020\/05\/dom-lesje3-640x360.jpg 640w, https:\/\/centralmedia.rs\/wp-content\/uploads\/2020\/05\/dom-lesje3-681x383.jpg 681w\" sizes=\"(max-width: 2048px) 100vw, 2048px\" \/><\/a>\n\t\t\t<\/div><\/figure><figure class='gallery-item'>\n\t\t\t<div class='gallery-icon landscape'>\n\t\t\t\t<a href='https:\/\/centralmedia.rs\/index.php\/2020\/05\/14\/dom-kulture-u-lesju\/dom-lesje4\/'><img loading=\"lazy\" decoding=\"async\" width=\"1312\" height=\"640\" src=\"https:\/\/centralmedia.rs\/wp-content\/uploads\/2020\/05\/dom-lesje4.jpg\" class=\"attachment-full size-full\" alt=\"\" srcset=\"https:\/\/centralmedia.rs\/wp-content\/uploads\/2020\/05\/dom-lesje4.jpg 1312w, https:\/\/centralmedia.rs\/wp-content\/uploads\/2020\/05\/dom-lesje4-300x146.jpg 300w, https:\/\/centralmedia.rs\/wp-content\/uploads\/2020\/05\/dom-lesje4-768x375.jpg 768w, https:\/\/centralmedia.rs\/wp-content\/uploads\/2020\/05\/dom-lesje4-1024x500.jpg 1024w, https:\/\/centralmedia.rs\/wp-content\/uploads\/2020\/05\/dom-lesje4-861x420.jpg 861w, https:\/\/centralmedia.rs\/wp-content\/uploads\/2020\/05\/dom-lesje4-640x312.jpg 640w, https:\/\/centralmedia.rs\/wp-content\/uploads\/2020\/05\/dom-lesje4-681x332.jpg 681w\" sizes=\"(max-width: 1312px) 100vw, 1312px\" \/><\/a>\n\t\t\t<\/div><\/figure>\n\t\t<\/div>\n\n","protected":false},"excerpt":{"rendered":"<p>PARA\u0106IN- U Mesnoj zajednici Le\u0161je kod Para\u0107ina nastavljeni su radovi na adaptaciji objekta Doma kulture. Na zboru gra\u0111ana dogovoren je nastavak izgradnje i sada se &hellip; <\/p>\n","protected":false},"author":2,"featured_media":23980,"comment_status":"open","ping_status":"open","sticky":false,"template":"","format":"standard","meta":{"footnotes":""},"categories":[14,1524,2,1516,887,12],"tags":[3893,4600,156],"_links":{"self":[{"href":"https:\/\/centralmedia.rs\/index.php\/wp-json\/wp\/v2\/posts\/23944"}],"collection":[{"href":"https:\/\/centralmedia.rs\/index.php\/wp-json\/wp\/v2\/posts"}],"about":[{"href":"https:\/\/centralmedia.rs\/index.php\/wp-json\/wp\/v2\/types\/post"}],"author":[{"embeddable":true,"href":"https:\/\/centralmedia.rs\/index.php\/wp-json\/wp\/v2\/users\/2"}],"replies":[{"embeddable":true,"href":"https:\/\/centralmedia.rs\/index.php\/wp-json\/wp\/v2\/comments?post=23944"}],"version-history":[{"count":2,"href":"https:\/\/centralmedia.rs\/index.php\/wp-json\/wp\/v2\/posts\/23944\/revisions"}],"predecessor-version":[{"id":23984,"href":"https:\/\/centralmedia.rs\/index.php\/wp-json\/wp\/v2\/posts\/23944\/revisions\/23984"}],"wp:featuredmedia":[{"embeddable":true,"href":"https:\/\/centralmedia.rs\/index.php\/wp-json\/wp\/v2\/media\/23980"}],"wp:attachment":[{"href":"https:\/\/centralmedia.rs\/index.php\/wp-json\/wp\/v2\/media?parent=23944"}],"wp:term":[{"taxonomy":"category","embeddable":true,"href":"https:\/\/centralmedia.rs\/index.php\/wp-json\/wp\/v2\/categories?post=23944"},{"taxonomy":"post_tag","embeddable":true,"href":"https:\/\/centralmedia.rs\/index.php\/wp-json\/wp\/v2\/tags?post=23944"}],"curies":[{"name":"wp","href":"https:\/\/api.w.org\/{rel}","templated":true}]}}