{"id":23956,"date":"2020-05-14T01:24:03","date_gmt":"2020-05-14T01:24:03","guid":{"rendered":"http:\/\/centralmedia.rs\/?p=23956"},"modified":"2020-05-16T10:25:44","modified_gmt":"2020-05-16T10:25:44","slug":"asfalt-u-paracinskim-selima","status":"publish","type":"post","link":"https:\/\/centralmedia.rs\/index.php\/2020\/05\/14\/asfalt-u-paracinskim-selima\/","title":{"rendered":"ASFALT U PARA\u0106INSKIM SELIMA"},"content":{"rendered":"<p>RATARE- Na zahtev me\u0161tana u Rataru kod Para\u0107ina u toku je priprema za asfaltiranje ulice Nikole Tesle koja vodi do groblja.<\/p>\n<div id='gallery-1' class='gallery galleryid-23956 gallery-columns-3 gallery-size-full'><figure class='gallery-item'>\n\t\t\t<div class='gallery-icon landscape'>\n\t\t\t\t<a href='https:\/\/centralmedia.rs\/index.php\/2020\/05\/14\/asfalt-u-paracinskim-selima\/ratare-4\/'><img loading=\"lazy\" decoding=\"async\" width=\"1312\" height=\"640\" src=\"https:\/\/centralmedia.rs\/wp-content\/uploads\/2020\/05\/ratare.jpg\" class=\"attachment-full size-full\" alt=\"\" srcset=\"https:\/\/centralmedia.rs\/wp-content\/uploads\/2020\/05\/ratare.jpg 1312w, https:\/\/centralmedia.rs\/wp-content\/uploads\/2020\/05\/ratare-300x146.jpg 300w, https:\/\/centralmedia.rs\/wp-content\/uploads\/2020\/05\/ratare-768x375.jpg 768w, https:\/\/centralmedia.rs\/wp-content\/uploads\/2020\/05\/ratare-1024x500.jpg 1024w, https:\/\/centralmedia.rs\/wp-content\/uploads\/2020\/05\/ratare-861x420.jpg 861w, https:\/\/centralmedia.rs\/wp-content\/uploads\/2020\/05\/ratare-640x312.jpg 640w, https:\/\/centralmedia.rs\/wp-content\/uploads\/2020\/05\/ratare-681x332.jpg 681w\" sizes=\"(max-width: 1312px) 100vw, 1312px\" \/><\/a>\n\t\t\t<\/div><\/figure><figure class='gallery-item'>\n\t\t\t<div class='gallery-icon landscape'>\n\t\t\t\t<a href='https:\/\/centralmedia.rs\/index.php\/2020\/05\/14\/asfalt-u-paracinskim-selima\/ratare2-2\/'><img loading=\"lazy\" decoding=\"async\" width=\"2048\" height=\"1152\" src=\"https:\/\/centralmedia.rs\/wp-content\/uploads\/2020\/05\/ratare2.jpg\" class=\"attachment-full size-full\" alt=\"\" srcset=\"https:\/\/centralmedia.rs\/wp-content\/uploads\/2020\/05\/ratare2.jpg 2048w, https:\/\/centralmedia.rs\/wp-content\/uploads\/2020\/05\/ratare2-300x169.jpg 300w, https:\/\/centralmedia.rs\/wp-content\/uploads\/2020\/05\/ratare2-768x432.jpg 768w, https:\/\/centralmedia.rs\/wp-content\/uploads\/2020\/05\/ratare2-1024x576.jpg 1024w, https:\/\/centralmedia.rs\/wp-content\/uploads\/2020\/05\/ratare2-747x420.jpg 747w, https:\/\/centralmedia.rs\/wp-content\/uploads\/2020\/05\/ratare2-640x360.jpg 640w, https:\/\/centralmedia.rs\/wp-content\/uploads\/2020\/05\/ratare2-681x383.jpg 681w\" sizes=\"(max-width: 2048px) 100vw, 2048px\" \/><\/a>\n\t\t\t<\/div><\/figure><figure class='gallery-item'>\n\t\t\t<div class='gallery-icon landscape'>\n\t\t\t\t<a href='https:\/\/centralmedia.rs\/index.php\/2020\/05\/14\/asfalt-u-paracinskim-selima\/ratare3-2\/'><img loading=\"lazy\" decoding=\"async\" width=\"2048\" height=\"1152\" src=\"https:\/\/centralmedia.rs\/wp-content\/uploads\/2020\/05\/ratare3.jpg\" class=\"attachment-full size-full\" alt=\"\" srcset=\"https:\/\/centralmedia.rs\/wp-content\/uploads\/2020\/05\/ratare3.jpg 2048w, https:\/\/centralmedia.rs\/wp-content\/uploads\/2020\/05\/ratare3-300x169.jpg 300w, https:\/\/centralmedia.rs\/wp-content\/uploads\/2020\/05\/ratare3-768x432.jpg 768w, https:\/\/centralmedia.rs\/wp-content\/uploads\/2020\/05\/ratare3-1024x576.jpg 1024w, https:\/\/centralmedia.rs\/wp-content\/uploads\/2020\/05\/ratare3-747x420.jpg 747w, https:\/\/centralmedia.rs\/wp-content\/uploads\/2020\/05\/ratare3-640x360.jpg 640w, https:\/\/centralmedia.rs\/wp-content\/uploads\/2020\/05\/ratare3-681x383.jpg 681w\" sizes=\"(max-width: 2048px) 100vw, 2048px\" \/><\/a>\n\t\t\t<\/div><\/figure>\n\t\t<\/div>\n\n<p>-Ove godine je planirana izgradnja ulica u 20 seoskih mesnih zajednica i radovi su u toku u Drenovcu, Donjem Vidovu i sada Rataru, gde je dogovorena izgradnja dela ulice na zboru gra\u0111ana, pa \u0107emo nastaviti radove slede\u0107e gra\u0111evinske sezone. Gradi\u0107emo ulice u Gornjem Vidovu i Sikirici, kao i Stubici i Buljanu. Zatim i u \u0160avcu, \u010cepuru, Svojnovu i ostalim selima gde je planirana izgradnja. Radovi \u0107e biti sprovedeni u svim selima gde smo tablama o izvo\u0111enju radova obele\u017eili gradili\u0161ta. Aktivna su gradili\u0161ta u gradu, bi\u0107e asfaltiranja u prigradskim ulicama koje su ugovorene ulice pro\u0161le i ove godine, kao \u0161to je dogovoreno na zborovima gra\u0111ana, najavio je predsednik te op\u0161tine Sa\u0161a Paunovi\u0107.<\/p>\n<p>&nbsp;<\/p>\n","protected":false},"excerpt":{"rendered":"<p>RATARE- Na zahtev me\u0161tana u Rataru kod Para\u0107ina u toku je priprema za asfaltiranje ulice Nikole Tesle koja vodi do groblja. -Ove godine je planirana &hellip; <\/p>\n","protected":false},"author":2,"featured_media":23957,"comment_status":"open","ping_status":"open","sticky":false,"template":"","format":"standard","meta":{"footnotes":""},"categories":[1524,2,1516,887,16,12],"tags":[3247,156,4414],"_links":{"self":[{"href":"https:\/\/centralmedia.rs\/index.php\/wp-json\/wp\/v2\/posts\/23956"}],"collection":[{"href":"https:\/\/centralmedia.rs\/index.php\/wp-json\/wp\/v2\/posts"}],"about":[{"href":"https:\/\/centralmedia.rs\/index.php\/wp-json\/wp\/v2\/types\/post"}],"author":[{"embeddable":true,"href":"https:\/\/centralmedia.rs\/index.php\/wp-json\/wp\/v2\/users\/2"}],"replies":[{"embeddable":true,"href":"https:\/\/centralmedia.rs\/index.php\/wp-json\/wp\/v2\/comments?post=23956"}],"version-history":[{"count":1,"href":"https:\/\/centralmedia.rs\/index.php\/wp-json\/wp\/v2\/posts\/23956\/revisions"}],"predecessor-version":[{"id":23961,"href":"https:\/\/centralmedia.rs\/index.php\/wp-json\/wp\/v2\/posts\/23956\/revisions\/23961"}],"wp:featuredmedia":[{"embeddable":true,"href":"https:\/\/centralmedia.rs\/index.php\/wp-json\/wp\/v2\/media\/23957"}],"wp:attachment":[{"href":"https:\/\/centralmedia.rs\/index.php\/wp-json\/wp\/v2\/media?parent=23956"}],"wp:term":[{"taxonomy":"category","embeddable":true,"href":"https:\/\/centralmedia.rs\/index.php\/wp-json\/wp\/v2\/categories?post=23956"},{"taxonomy":"post_tag","embeddable":true,"href":"https:\/\/centralmedia.rs\/index.php\/wp-json\/wp\/v2\/tags?post=23956"}],"curies":[{"name":"wp","href":"https:\/\/api.w.org\/{rel}","templated":true}]}}