{"id":23962,"date":"2020-05-14T01:59:10","date_gmt":"2020-05-14T01:59:10","guid":{"rendered":"http:\/\/centralmedia.rs\/?p=23962"},"modified":"2020-05-16T10:23:45","modified_gmt":"2020-05-16T10:23:45","slug":"palma-jagodina-ce-biti-najbolja-turisticka-i-obrazovna-destinacija-u-srbiji-i-na-balkanu-zahvaljujuci-i-objektu-koji-finasira-i-gradi-kompanija-visokogradnja","status":"publish","type":"post","link":"https:\/\/centralmedia.rs\/index.php\/2020\/05\/14\/palma-jagodina-ce-biti-najbolja-turisticka-i-obrazovna-destinacija-u-srbiji-i-na-balkanu-zahvaljujuci-i-objektu-koji-finasira-i-gradi-kompanija-visokogradnja\/","title":{"rendered":"PALMA: JAGODINA \u0106E BITI NAJBOLjA TURISTI\u010cKA I OBRAZOVNA DESTINACIJA U SRBIJI I NA BALKANU ZAHVALjUJU\u0106I I OBJEKTU KOJI FINASIRA I GRADI KOMPANIJA VISOKOGRADNjA"},"content":{"rendered":"<p>JAGODINA- Privatna \u0161kola Crnjanski u Jagodini zapo\u010dela je izgradnju velikog sportsko &#8211; obrazovno &#8211; turisti\u010dkog kompleksa, povr\u0161ine 8500 m2 sa 3 bazena, sportskom halom za ko\u0161arku i atletiku, \u0111a\u010dkim internatom i tutisti\u010dkim apartmanima. Prilikom polaganja kamena temeljca, predsednik Skup\u0161tine grada Jagodina Dragan Markovi\u0107 Palma je rekao da je ovo prvi put u Srbiji da privatni investitor sam pravi zatvoreni bazen bez pomo\u0107i iz bud\u017eeta lokalne samouprave i dr\u017eave.<\/p>\n<p><img loading=\"lazy\" decoding=\"async\" class=\"alignnone wp-image-23965 size-full\" src=\"http:\/\/centralmedia.rs\/wp-content\/uploads\/2020\/05\/palma-1.jpg\" alt=\"\" width=\"960\" height=\"720\" srcset=\"https:\/\/centralmedia.rs\/wp-content\/uploads\/2020\/05\/palma-1.jpg 960w, https:\/\/centralmedia.rs\/wp-content\/uploads\/2020\/05\/palma-1-300x225.jpg 300w, https:\/\/centralmedia.rs\/wp-content\/uploads\/2020\/05\/palma-1-768x576.jpg 768w, https:\/\/centralmedia.rs\/wp-content\/uploads\/2020\/05\/palma-1-560x420.jpg 560w, https:\/\/centralmedia.rs\/wp-content\/uploads\/2020\/05\/palma-1-80x60.jpg 80w, https:\/\/centralmedia.rs\/wp-content\/uploads\/2020\/05\/palma-1-100x75.jpg 100w, https:\/\/centralmedia.rs\/wp-content\/uploads\/2020\/05\/palma-1-180x135.jpg 180w, https:\/\/centralmedia.rs\/wp-content\/uploads\/2020\/05\/palma-1-238x178.jpg 238w, https:\/\/centralmedia.rs\/wp-content\/uploads\/2020\/05\/palma-1-640x480.jpg 640w, https:\/\/centralmedia.rs\/wp-content\/uploads\/2020\/05\/palma-1-681x511.jpg 681w\" sizes=\"(max-width: 960px) 100vw, 960px\" \/><br \/>\n&#8220;Grad Jagodina je stvorio uslove i izgradio brojne turisti\u010dke sadr\u017eaje i na taj na\u010din privukao i privatne investitore da finansiraju i grade ovakve objekte koji \u0107e pobolj\u0161ati turisti\u010dku ponudu Jagodine. Kada se bude izgradio ovaj kompleks, u pre\u010dniku od 400 metara ima\u0107emo akva park, muzej vo\u0161tanih figura, zoolo\u0161ki vrt kamp za \u0111ake, zatvorene bazene. Siguran sam da \u0107e Jagodina biti najbolja turisti\u010dka destinacija u Srbiji i na Balkanu. U Beogradu ne postoji ovakav kompleks koji ne\u0107e slu\u017eiti samo \u0111acima \u0161kole Crnjanski ve\u0107 i za \u0111ake drugih osnovnih i srednjih \u0161kola i fakultete u Jagodini, kao i za sve druge zainteresovane za bavljenje sportom. Broj turista koji dolaze u Jagodinu iz godine u godinu raste zato \u0161to stalno gradimo nove sadr\u017eaje i ulep\u0161avamo grad. Sa ovim objektom pospe\u0161i\u0107emo i zimski turizam a siguran sam da \u0107e i veliki broj klubova dolaziti u Jagodinu na pripreme i da ne\u0107e odlaziti u druge dr\u017eave. Tako\u0111e na ovaj na\u010din, ulaganjem u prosvetu i sport zadr\u017ea\u0107emo na\u0161e mlade talente u Jagodini&#8221;.<br \/>\nDragan Markovi\u0107 Palma je ovom prilikom rekao da je vreme korone iza nas i da je vreme da nastavimo da gradimo i razvijamo ovaj grad.<\/p>\n<p><img loading=\"lazy\" decoding=\"async\" class=\"alignnone wp-image-23967 size-full\" src=\"http:\/\/centralmedia.rs\/wp-content\/uploads\/2020\/05\/palma-bazeni.jpg\" alt=\"\" width=\"960\" height=\"663\" srcset=\"https:\/\/centralmedia.rs\/wp-content\/uploads\/2020\/05\/palma-bazeni.jpg 960w, https:\/\/centralmedia.rs\/wp-content\/uploads\/2020\/05\/palma-bazeni-300x207.jpg 300w, https:\/\/centralmedia.rs\/wp-content\/uploads\/2020\/05\/palma-bazeni-768x530.jpg 768w, https:\/\/centralmedia.rs\/wp-content\/uploads\/2020\/05\/palma-bazeni-608x420.jpg 608w, https:\/\/centralmedia.rs\/wp-content\/uploads\/2020\/05\/palma-bazeni-640x442.jpg 640w, https:\/\/centralmedia.rs\/wp-content\/uploads\/2020\/05\/palma-bazeni-681x470.jpg 681w\" sizes=\"(max-width: 960px) 100vw, 960px\" \/><br \/>\nDirektorka \u0161kole Crnjanski, Dragana Ivanovi\u0107 izjavila je da je \u0161kola u ovom projektu veliku podr\u0161ku imala od Skup\u0161tine grada Jagodina na \u010delu sa Draganom Markovi\u0107em Palmom.<br \/>\n&#8220;Prava je sre\u0107a kada se na jednom mestu na\u0111u ljudi koji imaju viziju, koji rade na unapre\u0111enju kvaliteta \u017eivota, obrazovanja, sporta, zdravlja. Sa takvim ljudima ni\u0161ta nije nemogu\u0107e i te\u0161ko&#8221;.<br \/>\nVladan Radovanovi\u0107, vlasnik kompanije Visokogradnja, i investitor istakao je zna\u010daj ovog kompleksa koji \u0107e obezbediti dodatni sadr\u017eaj, bolju prezentaciju grada Jagodina i svima nama done\u0107e jedan reprezentativni kapacitet koji ima i obrazovnu komponentu.<br \/>\nObjekat je planiran da se otvori 2021. godine.<\/p>\n<p>&nbsp;<\/p>\n","protected":false},"excerpt":{"rendered":"<p>JAGODINA- Privatna \u0161kola Crnjanski u Jagodini zapo\u010dela je izgradnju velikog sportsko &#8211; obrazovno &#8211; turisti\u010dkog kompleksa, povr\u0161ine 8500 m2 sa 3 bazena, sportskom halom za &hellip; <\/p>\n","protected":false},"author":2,"featured_media":23963,"comment_status":"open","ping_status":"open","sticky":false,"template":"","format":"standard","meta":{"footnotes":""},"categories":[22,1524,2,1514,12],"tags":[4640,58,4639,4641],"_links":{"self":[{"href":"https:\/\/centralmedia.rs\/index.php\/wp-json\/wp\/v2\/posts\/23962"}],"collection":[{"href":"https:\/\/centralmedia.rs\/index.php\/wp-json\/wp\/v2\/posts"}],"about":[{"href":"https:\/\/centralmedia.rs\/index.php\/wp-json\/wp\/v2\/types\/post"}],"author":[{"embeddable":true,"href":"https:\/\/centralmedia.rs\/index.php\/wp-json\/wp\/v2\/users\/2"}],"replies":[{"embeddable":true,"href":"https:\/\/centralmedia.rs\/index.php\/wp-json\/wp\/v2\/comments?post=23962"}],"version-history":[{"count":2,"href":"https:\/\/centralmedia.rs\/index.php\/wp-json\/wp\/v2\/posts\/23962\/revisions"}],"predecessor-version":[{"id":23968,"href":"https:\/\/centralmedia.rs\/index.php\/wp-json\/wp\/v2\/posts\/23962\/revisions\/23968"}],"wp:featuredmedia":[{"embeddable":true,"href":"https:\/\/centralmedia.rs\/index.php\/wp-json\/wp\/v2\/media\/23963"}],"wp:attachment":[{"href":"https:\/\/centralmedia.rs\/index.php\/wp-json\/wp\/v2\/media?parent=23962"}],"wp:term":[{"taxonomy":"category","embeddable":true,"href":"https:\/\/centralmedia.rs\/index.php\/wp-json\/wp\/v2\/categories?post=23962"},{"taxonomy":"post_tag","embeddable":true,"href":"https:\/\/centralmedia.rs\/index.php\/wp-json\/wp\/v2\/tags?post=23962"}],"curies":[{"name":"wp","href":"https:\/\/api.w.org\/{rel}","templated":true}]}}