{"id":23969,"date":"2020-05-14T02:19:33","date_gmt":"2020-05-14T02:19:33","guid":{"rendered":"http:\/\/centralmedia.rs\/?p=23969"},"modified":"2020-05-16T10:25:32","modified_gmt":"2020-05-16T10:25:32","slug":"uredenje-sela-buljane","status":"publish","type":"post","link":"https:\/\/centralmedia.rs\/index.php\/2020\/05\/14\/uredenje-sela-buljane\/","title":{"rendered":"URE\u0110ENJE SELA BULJANE"},"content":{"rendered":"<p>PARA\u0106IN- U Buljanju kod Para\u0107ina od po\u010detka godine obavlja se ure\u0111enje u centru sela oko spomenika. Sada je sa postavljanjem osvetljenja deo ispred Doma kulture i spomenika palim borcima dobio zaokru\u017eenu celinu.<\/p>\n","protected":false},"excerpt":{"rendered":"<p>PARA\u0106IN- U Buljanju kod Para\u0107ina od po\u010detka godine obavlja se ure\u0111enje u centru sela oko spomenika. Sada je sa postavljanjem osvetljenja deo ispred Doma kulture &hellip; <\/p>\n","protected":false},"author":2,"featured_media":23970,"comment_status":"open","ping_status":"open","sticky":false,"template":"","format":"standard","meta":{"footnotes":""},"categories":[1524,2,1516,887,16,12],"tags":[1221,156,4642],"_links":{"self":[{"href":"https:\/\/centralmedia.rs\/index.php\/wp-json\/wp\/v2\/posts\/23969"}],"collection":[{"href":"https:\/\/centralmedia.rs\/index.php\/wp-json\/wp\/v2\/posts"}],"about":[{"href":"https:\/\/centralmedia.rs\/index.php\/wp-json\/wp\/v2\/types\/post"}],"author":[{"embeddable":true,"href":"https:\/\/centralmedia.rs\/index.php\/wp-json\/wp\/v2\/users\/2"}],"replies":[{"embeddable":true,"href":"https:\/\/centralmedia.rs\/index.php\/wp-json\/wp\/v2\/comments?post=23969"}],"version-history":[{"count":1,"href":"https:\/\/centralmedia.rs\/index.php\/wp-json\/wp\/v2\/posts\/23969\/revisions"}],"predecessor-version":[{"id":23971,"href":"https:\/\/centralmedia.rs\/index.php\/wp-json\/wp\/v2\/posts\/23969\/revisions\/23971"}],"wp:featuredmedia":[{"embeddable":true,"href":"https:\/\/centralmedia.rs\/index.php\/wp-json\/wp\/v2\/media\/23970"}],"wp:attachment":[{"href":"https:\/\/centralmedia.rs\/index.php\/wp-json\/wp\/v2\/media?parent=23969"}],"wp:term":[{"taxonomy":"category","embeddable":true,"href":"https:\/\/centralmedia.rs\/index.php\/wp-json\/wp\/v2\/categories?post=23969"},{"taxonomy":"post_tag","embeddable":true,"href":"https:\/\/centralmedia.rs\/index.php\/wp-json\/wp\/v2\/tags?post=23969"}],"curies":[{"name":"wp","href":"https:\/\/api.w.org\/{rel}","templated":true}]}}