{"id":23997,"date":"2020-05-18T02:26:37","date_gmt":"2020-05-18T02:26:37","guid":{"rendered":"http:\/\/centralmedia.rs\/?p=23997"},"modified":"2020-05-25T16:39:51","modified_gmt":"2020-05-25T16:39:51","slug":"centar-za-socijalni-rad-demantovao-neistine-koje-je-objavila-zivadinka-dordevic","status":"publish","type":"post","link":"https:\/\/centralmedia.rs\/index.php\/2020\/05\/18\/centar-za-socijalni-rad-demantovao-neistine-koje-je-objavila-zivadinka-dordevic\/","title":{"rendered":"CENTAR ZA SOCIJALNI RAD DEMANTOVAO NEISTINE KOJE JE OBJAVILA \u017dIVADINKA \u0110OR\u0110EVI\u0106"},"content":{"rendered":"<p>PARA\u0106IN- Povodom obave\u0161tenja koje se pojavilo na dru\u0161tvenoj mre\u017ei i pominjanja ustanove Centar za socijalni rad \u201ePara\u0107in\u201c u vezi podele paketa za Romsku populaciju u ponedeljak 18. maja vd direktora Slavica Risti\u0107\u00a0 je uputila demant<\/p>\n<p>&#8211; Centar za socijalni rad \u201ePara\u0107in\u201c ne organizuje i ne obavlja podelu humanitarnih paketa za Romsku populaciju. Na zahtev Crvenog krsta Para\u0107in, koji je i organizator ove podele, Centar za socijalni rad je dao svog predstavnika u radu Komisije, kako bi pomogao na osnovu evidencije koje poseduje u sa\u010dinjavanju spiskova za podelu paketa. Za sve dalje informacije o podeli nadle\u017ean je Crveni krst Para\u0107in. Ovaj demanti je sa\u010dinjen sa ciljem da obavestimo na\u0161e korisnike da Centar za socijalni rad \u201ePara\u0107in\u201c u Para\u0107inu ne organizuje podelu humanitarnih paketa za Romsku populaciju, stoji u saop\u0161tenju tog Centra.<\/p>\n<p>Iz Crvenog krsta u Para\u0107inu podeli\u0107e pakete ugro\u017eenim romskim porodicama. Demantovani su navodi da pomo\u0107 deli romsko udru\u017eenje, ve\u0107 da se isklju\u010divo radi o paketima hrane i higijene koje je obezbedio Crveni krst u Para\u0107inu.<\/p>\n<p>-U toku nedelje po\u010de\u0107e podela paketa hrane i higijene za socijalno najugro\u017eenije Rome u Para\u0107inu. Pakete deli Crveni krst Para\u0107in bez u\u010de\u0161\u0107a bilo kog udru\u017eenja. Spisak korisnika je napravljen u saradnji sa op\u0161tinom i Centrom za socijalni rad. Video sam objavu romskog Udru\u017eenja o podeli paketa i to ne bih komentarisao. Jasno sam rekao ko je donator i da Crveni krst stoji iza toga, rekao je sekretar Crvenog krsta Zoran Islamovi\u0107<\/p>\n<p>,,KUPOVINA&#8221; GLASOVA ROMA?<\/p>\n<p>Na drus\u030ctvenim mrez\u030cama c\u030clanica Srpske napredne stranke u Parac\u0301inu Z\u030civadinka Dinka \u0110or\u0111evic\u0301 otvoreno i javno je novac iz torbe delila Romima u ovom gradu po 2.500 dinara, navodno kao jednokratnu pomoc\u0301 pred \u0110ur\u0111evdan. Ona u ukljuc\u030cenjima uz\u030civo na dr\u0161tvenim mre\u017eama insistirala da je novac donacija Udruz\u030cenja Roma \u201e\u0110ur\u0111evdan\u201c a c\u030covek koji snima sugeris\u030ce Romima da naglase da zahvaljuju Dinki i romskom udruz\u030cenju,a ne nekoj politic\u030ckoj stranci. Romi potpisuju da su novac primili i ostavljaju podatake iz lic\u030cne karte, na snimcima se vidi kako nose svoje legitimacije. Ova naprednjakinja postavila je veliki broj snimaka i sudec\u0301i po onome s\u030cto je moglo da se vidi, podeljeno je vis\u030ce od hiljadu evra uz\u030civo pa se logic\u030cno postavlja pitanje odakle jednom romskom udruz\u030cenju taj novac. Podsec\u0301anja radi, Z\u030civadinka \u0110or\u0111evic\u0301 je pre samo tri meseca preletela u SNS kada je dojuc\u030ceras\u030cnje partijske partnere zamenila naprednjacima i rekla uz suze, da iz lic\u030cnih razloga, pos\u030cto su joj, kako je rekla, \u201eudarili na porodicu\u201c i to \u201eopasni ljudi iz Beograda\u201c, \u201ekoji su tu u Parac\u0301inu\u201c, \u201eiza kojih stoji drz\u030cava\u201c, a zbog poslova ili aktivnosti kojima se bave neki c\u030clanovi njene porodice mora da prekine saradnju sa lokalnom samoupravom i pristupi SNS. Z\u030civadinku \u0110or\u0111evic\u0301 mediji nisu uspeli da pitaju u c\u030cije ime je Romima delila novac, ko su ti donatori, na osnovu c\u030cega deli kes\u030c po kuc\u0301ama I okuplja Rome u svom dvoris\u030ctu da potpisuju imenom prezimenom i matic\u030cnim brojem da su novac uzeli, jer se nije javljala na telefon. Neki od njih kaz\u030cu da im je obec\u0301an drugi deo novca posle izbora, ali to nikako nec\u0301e da kaz\u030cu javno.<\/p>\n<p>Ina\u010de, davanje i primanje mita u vezi sa glasanjem, koje \u010desto nazivamo ,kupovinom glasova\u201d, je krivi\u010dno delo koje se goni po slu\u017ebenoj du\u017enosti, te se krivi\u010dna prijava protiv onoga za koga smatrate da je ovo delo u\u010dinio mo\u017ee podneti nadle\u017enom javnom tu\u017eila\u0161tvu, a to je Osnovno javno tu\u017eila\u0161tvo na teritoriji na kojoj je ovo delo u\u010dinjeno. Ukoliko se prijava podnese policiji ili tu\u017eila\u0161tvu koje nije nadle\u017eno, oni su du\u017eni da tu prijavu proslede nadle\u017enom tu\u017eila\u0161tvu.<\/p>\n<p>&nbsp;<\/p>\n","protected":false},"excerpt":{"rendered":"<p>PARA\u0106IN- Povodom obave\u0161tenja koje se pojavilo na dru\u0161tvenoj mre\u017ei i pominjanja ustanove Centar za socijalni rad \u201ePara\u0107in\u201c u vezi podele paketa za Romsku populaciju u &hellip; <\/p>\n","protected":false},"author":2,"featured_media":18739,"comment_status":"open","ping_status":"open","sticky":false,"template":"","format":"standard","meta":{"footnotes":""},"categories":[14,1524,2,1516,887,12],"tags":[3246,2264,156],"_links":{"self":[{"href":"https:\/\/centralmedia.rs\/index.php\/wp-json\/wp\/v2\/posts\/23997"}],"collection":[{"href":"https:\/\/centralmedia.rs\/index.php\/wp-json\/wp\/v2\/posts"}],"about":[{"href":"https:\/\/centralmedia.rs\/index.php\/wp-json\/wp\/v2\/types\/post"}],"author":[{"embeddable":true,"href":"https:\/\/centralmedia.rs\/index.php\/wp-json\/wp\/v2\/users\/2"}],"replies":[{"embeddable":true,"href":"https:\/\/centralmedia.rs\/index.php\/wp-json\/wp\/v2\/comments?post=23997"}],"version-history":[{"count":2,"href":"https:\/\/centralmedia.rs\/index.php\/wp-json\/wp\/v2\/posts\/23997\/revisions"}],"predecessor-version":[{"id":24000,"href":"https:\/\/centralmedia.rs\/index.php\/wp-json\/wp\/v2\/posts\/23997\/revisions\/24000"}],"wp:featuredmedia":[{"embeddable":true,"href":"https:\/\/centralmedia.rs\/index.php\/wp-json\/wp\/v2\/media\/18739"}],"wp:attachment":[{"href":"https:\/\/centralmedia.rs\/index.php\/wp-json\/wp\/v2\/media?parent=23997"}],"wp:term":[{"taxonomy":"category","embeddable":true,"href":"https:\/\/centralmedia.rs\/index.php\/wp-json\/wp\/v2\/categories?post=23997"},{"taxonomy":"post_tag","embeddable":true,"href":"https:\/\/centralmedia.rs\/index.php\/wp-json\/wp\/v2\/tags?post=23997"}],"curies":[{"name":"wp","href":"https:\/\/api.w.org\/{rel}","templated":true}]}}