{"id":24006,"date":"2020-05-18T16:48:08","date_gmt":"2020-05-18T16:48:08","guid":{"rendered":"http:\/\/centralmedia.rs\/?p=24006"},"modified":"2020-05-25T16:39:37","modified_gmt":"2020-05-25T16:39:37","slug":"posle-dvomesecne-pauze-tereni-borca-ponovo-u-funkciji","status":"publish","type":"post","link":"https:\/\/centralmedia.rs\/index.php\/2020\/05\/18\/posle-dvomesecne-pauze-tereni-borca-ponovo-u-funkciji\/","title":{"rendered":"POSLE DVOMESE\u010cNE PAUZE, TERENI ,,BORCA&#8221; PONOVO U FUNKCIJI"},"content":{"rendered":"<p>PARA\u0106IN- Aktivisti para\u0107inske GG &#8220;Zdrava pri\u010da&#8221; u saradnji sa zaposlenima sportsko-rekreativno centra &#8220;Borac&#8221; obavili su ko\u0161enje terena, otpremljena je trava, o\u010di\u0161\u0107en prostor oko centra, ofarbani golovi i zavr\u0161eni ostali poslovi na ure\u0111enju. Sportski centar &#8220;Borac&#8221; sada spremno do\u010dekuje sportiste i rekreativce, posle dvomese\u010dne pauze.<\/p>\n<div id='gallery-1' class='gallery galleryid-24006 gallery-columns-3 gallery-size-thumbnail'><figure class='gallery-item'>\n\t\t\t<div class='gallery-icon portrait'>\n\t\t\t\t<a href='https:\/\/centralmedia.rs\/index.php\/2020\/05\/18\/posle-dvomesecne-pauze-tereni-borca-ponovo-u-funkciji\/borac\/'><img loading=\"lazy\" decoding=\"async\" width=\"150\" height=\"150\" src=\"https:\/\/centralmedia.rs\/wp-content\/uploads\/2020\/05\/borac-150x150.jpg\" class=\"attachment-thumbnail size-thumbnail\" alt=\"\" \/><\/a>\n\t\t\t<\/div><\/figure><figure class='gallery-item'>\n\t\t\t<div class='gallery-icon portrait'>\n\t\t\t\t<a href='https:\/\/centralmedia.rs\/index.php\/2020\/05\/18\/posle-dvomesecne-pauze-tereni-borca-ponovo-u-funkciji\/borac1\/'><img loading=\"lazy\" decoding=\"async\" width=\"150\" height=\"150\" src=\"https:\/\/centralmedia.rs\/wp-content\/uploads\/2020\/05\/borac1-150x150.jpg\" class=\"attachment-thumbnail size-thumbnail\" alt=\"\" \/><\/a>\n\t\t\t<\/div><\/figure><figure class='gallery-item'>\n\t\t\t<div class='gallery-icon landscape'>\n\t\t\t\t<a href='https:\/\/centralmedia.rs\/index.php\/2020\/05\/18\/posle-dvomesecne-pauze-tereni-borca-ponovo-u-funkciji\/borac2\/'><img loading=\"lazy\" decoding=\"async\" width=\"150\" height=\"150\" src=\"https:\/\/centralmedia.rs\/wp-content\/uploads\/2020\/05\/borac2-150x150.jpg\" class=\"attachment-thumbnail size-thumbnail\" alt=\"\" \/><\/a>\n\t\t\t<\/div><\/figure>\n\t\t<\/div>\n\n","protected":false},"excerpt":{"rendered":"<p>PARA\u0106IN- Aktivisti para\u0107inske GG &#8220;Zdrava pri\u010da&#8221; u saradnji sa zaposlenima sportsko-rekreativno centra &#8220;Borac&#8221; obavili su ko\u0161enje terena, otpremljena je trava, o\u010di\u0161\u0107en prostor oko centra, ofarbani &hellip; <\/p>\n","protected":false},"author":2,"featured_media":24007,"comment_status":"open","ping_status":"open","sticky":false,"template":"","format":"standard","meta":{"footnotes":""},"categories":[1524,2,1516,887,21,12],"tags":[3223,156,4646],"_links":{"self":[{"href":"https:\/\/centralmedia.rs\/index.php\/wp-json\/wp\/v2\/posts\/24006"}],"collection":[{"href":"https:\/\/centralmedia.rs\/index.php\/wp-json\/wp\/v2\/posts"}],"about":[{"href":"https:\/\/centralmedia.rs\/index.php\/wp-json\/wp\/v2\/types\/post"}],"author":[{"embeddable":true,"href":"https:\/\/centralmedia.rs\/index.php\/wp-json\/wp\/v2\/users\/2"}],"replies":[{"embeddable":true,"href":"https:\/\/centralmedia.rs\/index.php\/wp-json\/wp\/v2\/comments?post=24006"}],"version-history":[{"count":1,"href":"https:\/\/centralmedia.rs\/index.php\/wp-json\/wp\/v2\/posts\/24006\/revisions"}],"predecessor-version":[{"id":24010,"href":"https:\/\/centralmedia.rs\/index.php\/wp-json\/wp\/v2\/posts\/24006\/revisions\/24010"}],"wp:featuredmedia":[{"embeddable":true,"href":"https:\/\/centralmedia.rs\/index.php\/wp-json\/wp\/v2\/media\/24007"}],"wp:attachment":[{"href":"https:\/\/centralmedia.rs\/index.php\/wp-json\/wp\/v2\/media?parent=24006"}],"wp:term":[{"taxonomy":"category","embeddable":true,"href":"https:\/\/centralmedia.rs\/index.php\/wp-json\/wp\/v2\/categories?post=24006"},{"taxonomy":"post_tag","embeddable":true,"href":"https:\/\/centralmedia.rs\/index.php\/wp-json\/wp\/v2\/tags?post=24006"}],"curies":[{"name":"wp","href":"https:\/\/api.w.org\/{rel}","templated":true}]}}