{"id":24014,"date":"2020-05-18T16:54:47","date_gmt":"2020-05-18T16:54:47","guid":{"rendered":"http:\/\/centralmedia.rs\/?p=24014"},"modified":"2020-05-25T16:37:34","modified_gmt":"2020-05-25T16:37:34","slug":"uredenje-centra-plane","status":"publish","type":"post","link":"https:\/\/centralmedia.rs\/index.php\/2020\/05\/18\/uredenje-centra-plane\/","title":{"rendered":"URE\u0110ENJE CENTRA PLANE"},"content":{"rendered":"<p>PARA\u0106IN- Ure\u0111enje prostora ispred Doma kulture i ambulante u Plani kod Para\u0107in privodi se kraju. To je dogovoreno na zboru me\u0161tana.<\/p>\n<div id='gallery-1' class='gallery galleryid-24014 gallery-columns-3 gallery-size-full'><figure class='gallery-item'>\n\t\t\t<div class='gallery-icon landscape'>\n\t\t\t\t<a href='https:\/\/centralmedia.rs\/index.php\/2020\/05\/18\/uredenje-centra-plane\/plana-3\/'><img loading=\"lazy\" decoding=\"async\" width=\"1600\" height=\"1200\" src=\"https:\/\/centralmedia.rs\/wp-content\/uploads\/2020\/05\/plana.jpg\" class=\"attachment-full size-full\" alt=\"\" srcset=\"https:\/\/centralmedia.rs\/wp-content\/uploads\/2020\/05\/plana.jpg 1600w, https:\/\/centralmedia.rs\/wp-content\/uploads\/2020\/05\/plana-300x225.jpg 300w, https:\/\/centralmedia.rs\/wp-content\/uploads\/2020\/05\/plana-768x576.jpg 768w, https:\/\/centralmedia.rs\/wp-content\/uploads\/2020\/05\/plana-1024x768.jpg 1024w, https:\/\/centralmedia.rs\/wp-content\/uploads\/2020\/05\/plana-560x420.jpg 560w, https:\/\/centralmedia.rs\/wp-content\/uploads\/2020\/05\/plana-80x60.jpg 80w, https:\/\/centralmedia.rs\/wp-content\/uploads\/2020\/05\/plana-100x75.jpg 100w, https:\/\/centralmedia.rs\/wp-content\/uploads\/2020\/05\/plana-180x135.jpg 180w, https:\/\/centralmedia.rs\/wp-content\/uploads\/2020\/05\/plana-238x178.jpg 238w, https:\/\/centralmedia.rs\/wp-content\/uploads\/2020\/05\/plana-640x480.jpg 640w, https:\/\/centralmedia.rs\/wp-content\/uploads\/2020\/05\/plana-681x511.jpg 681w\" sizes=\"(max-width: 1600px) 100vw, 1600px\" \/><\/a>\n\t\t\t<\/div><\/figure><figure class='gallery-item'>\n\t\t\t<div class='gallery-icon landscape'>\n\t\t\t\t<a href='https:\/\/centralmedia.rs\/index.php\/2020\/05\/18\/uredenje-centra-plane\/plana1\/'><img loading=\"lazy\" decoding=\"async\" width=\"1600\" height=\"1200\" src=\"https:\/\/centralmedia.rs\/wp-content\/uploads\/2020\/05\/plana1.jpg\" class=\"attachment-full size-full\" alt=\"\" srcset=\"https:\/\/centralmedia.rs\/wp-content\/uploads\/2020\/05\/plana1.jpg 1600w, https:\/\/centralmedia.rs\/wp-content\/uploads\/2020\/05\/plana1-300x225.jpg 300w, https:\/\/centralmedia.rs\/wp-content\/uploads\/2020\/05\/plana1-768x576.jpg 768w, https:\/\/centralmedia.rs\/wp-content\/uploads\/2020\/05\/plana1-1024x768.jpg 1024w, https:\/\/centralmedia.rs\/wp-content\/uploads\/2020\/05\/plana1-560x420.jpg 560w, https:\/\/centralmedia.rs\/wp-content\/uploads\/2020\/05\/plana1-80x60.jpg 80w, https:\/\/centralmedia.rs\/wp-content\/uploads\/2020\/05\/plana1-100x75.jpg 100w, https:\/\/centralmedia.rs\/wp-content\/uploads\/2020\/05\/plana1-180x135.jpg 180w, https:\/\/centralmedia.rs\/wp-content\/uploads\/2020\/05\/plana1-238x178.jpg 238w, https:\/\/centralmedia.rs\/wp-content\/uploads\/2020\/05\/plana1-640x480.jpg 640w, https:\/\/centralmedia.rs\/wp-content\/uploads\/2020\/05\/plana1-681x511.jpg 681w\" sizes=\"(max-width: 1600px) 100vw, 1600px\" \/><\/a>\n\t\t\t<\/div><\/figure><figure class='gallery-item'>\n\t\t\t<div class='gallery-icon landscape'>\n\t\t\t\t<a href='https:\/\/centralmedia.rs\/index.php\/2020\/05\/18\/uredenje-centra-plane\/plana2\/'><img loading=\"lazy\" decoding=\"async\" width=\"1600\" height=\"900\" src=\"https:\/\/centralmedia.rs\/wp-content\/uploads\/2020\/05\/plana2.jpg\" class=\"attachment-full size-full\" alt=\"\" srcset=\"https:\/\/centralmedia.rs\/wp-content\/uploads\/2020\/05\/plana2.jpg 1600w, https:\/\/centralmedia.rs\/wp-content\/uploads\/2020\/05\/plana2-300x169.jpg 300w, https:\/\/centralmedia.rs\/wp-content\/uploads\/2020\/05\/plana2-768x432.jpg 768w, https:\/\/centralmedia.rs\/wp-content\/uploads\/2020\/05\/plana2-1024x576.jpg 1024w, https:\/\/centralmedia.rs\/wp-content\/uploads\/2020\/05\/plana2-747x420.jpg 747w, https:\/\/centralmedia.rs\/wp-content\/uploads\/2020\/05\/plana2-640x360.jpg 640w, https:\/\/centralmedia.rs\/wp-content\/uploads\/2020\/05\/plana2-681x383.jpg 681w\" sizes=\"(max-width: 1600px) 100vw, 1600px\" \/><\/a>\n\t\t\t<\/div><\/figure>\n\t\t<\/div>\n\n","protected":false},"excerpt":{"rendered":"<p>PARA\u0106IN- Ure\u0111enje prostora ispred Doma kulture i ambulante u Plani kod Para\u0107in privodi se kraju. To je dogovoreno na zboru me\u0161tana.<\/p>\n","protected":false},"author":2,"featured_media":24015,"comment_status":"open","ping_status":"open","sticky":false,"template":"","format":"standard","meta":{"footnotes":""},"categories":[1524,2,1516,887,16,12],"tags":[156,4451,4649],"_links":{"self":[{"href":"https:\/\/centralmedia.rs\/index.php\/wp-json\/wp\/v2\/posts\/24014"}],"collection":[{"href":"https:\/\/centralmedia.rs\/index.php\/wp-json\/wp\/v2\/posts"}],"about":[{"href":"https:\/\/centralmedia.rs\/index.php\/wp-json\/wp\/v2\/types\/post"}],"author":[{"embeddable":true,"href":"https:\/\/centralmedia.rs\/index.php\/wp-json\/wp\/v2\/users\/2"}],"replies":[{"embeddable":true,"href":"https:\/\/centralmedia.rs\/index.php\/wp-json\/wp\/v2\/comments?post=24014"}],"version-history":[{"count":1,"href":"https:\/\/centralmedia.rs\/index.php\/wp-json\/wp\/v2\/posts\/24014\/revisions"}],"predecessor-version":[{"id":24019,"href":"https:\/\/centralmedia.rs\/index.php\/wp-json\/wp\/v2\/posts\/24014\/revisions\/24019"}],"wp:featuredmedia":[{"embeddable":true,"href":"https:\/\/centralmedia.rs\/index.php\/wp-json\/wp\/v2\/media\/24015"}],"wp:attachment":[{"href":"https:\/\/centralmedia.rs\/index.php\/wp-json\/wp\/v2\/media?parent=24014"}],"wp:term":[{"taxonomy":"category","embeddable":true,"href":"https:\/\/centralmedia.rs\/index.php\/wp-json\/wp\/v2\/categories?post=24014"},{"taxonomy":"post_tag","embeddable":true,"href":"https:\/\/centralmedia.rs\/index.php\/wp-json\/wp\/v2\/tags?post=24014"}],"curies":[{"name":"wp","href":"https:\/\/api.w.org\/{rel}","templated":true}]}}