{"id":24029,"date":"2020-05-19T13:07:13","date_gmt":"2020-05-19T13:07:13","guid":{"rendered":"http:\/\/centralmedia.rs\/?p=24029"},"modified":"2020-05-25T16:37:50","modified_gmt":"2020-05-25T16:37:50","slug":"fajon-za-n1-slika-u-srbiji-nije-najbolja-opozicija-da-nade-snage-i-izade-na-izbore","status":"publish","type":"post","link":"https:\/\/centralmedia.rs\/index.php\/2020\/05\/19\/fajon-za-n1-slika-u-srbiji-nije-najbolja-opozicija-da-nade-snage-i-izade-na-izbore\/","title":{"rendered":"Fajon za N1: Slika u Srbiji nije najbolja, opozicija da na\u0111e snage i iza\u0111e na izbore"},"content":{"rendered":"<p>Slika u Srbiji nije najbolja, rekla je u Danu u\u017eivo na N1 predsedavajuc\u0301a Delegacije Evropskog parlamenta za saradnju sa Srbijom Tanja Fajon, isti\u010du\u0107i da su ljudi ljuti i podeljeni, a dru\u0161tvo polarizovano. Opoziciju poziva da prona\u0111e snagu i iza\u0111e na izbore u te\u0161kim uslovima.<\/p>\n<p>&#8220;Sve to vidimo kada pratimo situaciju u zemlji. Ljudi su ljuti, podeljeni, dru\u0161tvo je polarizovano. Situacija me brine kada znamo da dolaze izbore. Bi\u0107e kampanja, a imamo i dalje pandemiju. Na kraju krajeva i zdravlje ljudi je u pitanju&#8221;, rekla je Fajon.<\/p>\n<p>Upitana za izborne uslove, na kojima opozicija insistira, ona ka\u017ee da su neke stvari i dalje otvorene, a da su ozbiljna pitanja uo\u010di izbora sloboda medija, govor mr\u017enje, u\u010de\u0161\u0107e me\u0111unarodnih posmatra\u010da na izborima i sama pandemija.<\/p>\n<p>Ona je ponovila svoj raniji stav, da je bitno da \u0161to vi\u0161e gra\u0111ana i politi\u010dkih aktera iza\u0111e na izbore. Fajon obja\u0161njava da je bojkot krajnji mehanizam i da nije najbolja odluka.<\/p>\n<p>&#8220;Mo\u017eda sredstvo da otvara\u0161 neka va\u017ena pitanja. Ali na kraju nisi deo procesa i ne\u0107emo imati velike demokratske opozicije u slede\u0107em sazivu skup\u0161tine, \u0161to mene brine&#8221;, rekla je evropska poslanica.<\/p>\n<p>Opozicionim partijama poru\u010duje da prona\u0111u snagu i u, kako ka\u017ee, ovoj te\u0161koj situaciji iza\u0111u na izbore. Ipak, dodaje da joj je jasno, da za to treba da su ispunjeni odre\u0111eni uslovi.<\/p>\n<p>&#8220;Kada bi ja trebalo da odlu\u010dim kao opozicioni politi\u010dar, moja odluka bila bi da je uvek bolje da iza\u0111em na izbore i podelim svoj glas sa ljudima i postignem \u0161to bolji rezultat i ujedinim se kao opozicija&#8221;, poru\u010dila je Fajon.<\/p>\n<p>Govore\u0107i o slobodi medija, kao jednom od glavnih uslova opozicije za izlazak na izbore, Fajon ka\u017ee da nema utisak da je tu do\u0161lo do promene i da u Evropski parlament sti\u017eu razli\u010dite kritike.<\/p>\n<p>&#8220;Politi\u010dari koriste medije za mr\u017enju, podele ili politi\u010dke manifestacije. Moj ose\u0107aj je da su mediji jako podeljeni. Nema dovoljno nezavisnih medija, bezbednosti za novinare, profesionalnih uslova za medije da bi normalno radili, posebno sada kada je predizborna kampanja&#8221;, napominje sagovornica N1.<\/p>\n<p>Deo opozicije tra\u017ei da se izbori pomere za jesen, \u0161to zbog pandemije koronavirusa, \u0161to zbog obezbe\u0111ivanja izbornih uslova. Fajon isti\u010de da je ta odluka na predsedniku Aleksandru Vu\u010di\u0107u, a da opoziciji treba obezbediti da kampanju vodi ne samo obilaze\u0107i gradove, ve\u0107 i obilaze\u0107i medije.<\/p>\n<p>Kada su u pitanju tenzije izme\u0111u vlasti i opozicije, koje su ponekad na ivici gra\u0111anskog sukoba, Fajon ka\u017ee da su tenzije uvek opasne jer ra\u0111aju nove tenzije, a da je odgovornost politi\u010darima, dru\u0161tvu i medijima.<\/p>\n<p>&#8220;Podelama, mr\u017enju i nasilju nema mesta u demokratskom dru\u0161tvu&#8221;, nagla\u0161ava Fajon.<\/p>\n<p>Govore\u0107i o odnosu Brisela i Beograda, Fajon je istakla da joj je \u017eao \u0161to je tokom pandemije vi\u0161e promovisana pomo\u0107 Kine ili Rusije, a ne i Evropske unije koja, kako ka\u017ee, \u0161alje puno podr\u0161ke, pomo\u0107i i novca.<\/p>\n<p>&#8220;Za\u0161to EU gubi taj kredibilitet u Srbiji? Za\u0161to politi\u010dari kada ne\u0161to kritikujemo ili ka\u017eemo to koriste prema nama sa govorom mr\u017enje. To je neodgovorno pona\u0161anje&#8221;, kazala je Fajon.<\/p>\n<p>Upitana da li postoji i odgovornost Brisela za takvu situaciju, ona odgovara da je EU ponekad zaboravljala na ceo Zapadni Balkan i bavila se krizama, a pro\u0161irenje nije bilo u fokusu.<\/p>\n<p>Evropska komisija pozvala je vlasti u Srbiji d aomogu\u0107i uslove za slanje me\u0111unarodnih posmatra\u010da na izbore. Fajon ka\u017ee da \u0107e delegacija EP biti deo te posmatra\u010dke misije, a da \u0107e sve zavisiti od uslova pandemije, putovanja i zdravstvene situacije u Srbiji.<\/p>\n<p>&nbsp;<\/p>\n","protected":false},"excerpt":{"rendered":"<p>Slika u Srbiji nije najbolja, rekla je u Danu u\u017eivo na N1 predsedavajuc\u0301a Delegacije Evropskog parlamenta za saradnju sa Srbijom Tanja Fajon, isti\u010du\u0107i da su &hellip; <\/p>\n","protected":false},"author":2,"featured_media":24030,"comment_status":"open","ping_status":"open","sticky":false,"template":"","format":"standard","meta":{"footnotes":""},"categories":[2,13,12],"tags":[363,4650],"_links":{"self":[{"href":"https:\/\/centralmedia.rs\/index.php\/wp-json\/wp\/v2\/posts\/24029"}],"collection":[{"href":"https:\/\/centralmedia.rs\/index.php\/wp-json\/wp\/v2\/posts"}],"about":[{"href":"https:\/\/centralmedia.rs\/index.php\/wp-json\/wp\/v2\/types\/post"}],"author":[{"embeddable":true,"href":"https:\/\/centralmedia.rs\/index.php\/wp-json\/wp\/v2\/users\/2"}],"replies":[{"embeddable":true,"href":"https:\/\/centralmedia.rs\/index.php\/wp-json\/wp\/v2\/comments?post=24029"}],"version-history":[{"count":1,"href":"https:\/\/centralmedia.rs\/index.php\/wp-json\/wp\/v2\/posts\/24029\/revisions"}],"predecessor-version":[{"id":24031,"href":"https:\/\/centralmedia.rs\/index.php\/wp-json\/wp\/v2\/posts\/24029\/revisions\/24031"}],"wp:featuredmedia":[{"embeddable":true,"href":"https:\/\/centralmedia.rs\/index.php\/wp-json\/wp\/v2\/media\/24030"}],"wp:attachment":[{"href":"https:\/\/centralmedia.rs\/index.php\/wp-json\/wp\/v2\/media?parent=24029"}],"wp:term":[{"taxonomy":"category","embeddable":true,"href":"https:\/\/centralmedia.rs\/index.php\/wp-json\/wp\/v2\/categories?post=24029"},{"taxonomy":"post_tag","embeddable":true,"href":"https:\/\/centralmedia.rs\/index.php\/wp-json\/wp\/v2\/tags?post=24029"}],"curies":[{"name":"wp","href":"https:\/\/api.w.org\/{rel}","templated":true}]}}