{"id":24032,"date":"2020-05-19T15:01:14","date_gmt":"2020-05-19T15:01:14","guid":{"rendered":"http:\/\/centralmedia.rs\/?p=24032"},"modified":"2020-05-25T16:38:07","modified_gmt":"2020-05-25T16:38:07","slug":"oprostaj-koleginica-od-valerije-zivkovic","status":"publish","type":"post","link":"https:\/\/centralmedia.rs\/index.php\/2020\/05\/19\/oprostaj-koleginica-od-valerije-zivkovic\/","title":{"rendered":"OPRO\u0160TAJ KOLEGINICA OD VALERIJE \u017dIVKOVI\u0106"},"content":{"rendered":"<p>JAGODINA- Na jagodinskom groblju danas sahranjenja Valerija \u017divkovi\u0107, psiholog u O\u0160 Rada Miljkovi\u0107. Ona je ostavila dubok trag u srpskoj prosveti, porukama na dru\u0161tvenim mre\u017eama od nje su se oprostile koleginice&#8230;<\/p>\n<p>-Oti\u0161la je na ve\u010dni put, na\u0161a neumorna,vesela,sna\u017ena,dosledna,posve\u0107ena i&#8230; Valerija \u017divkovi\u0107. Nekad nam je obja\u0161njavala da su joj koferi za put uvek spremni. Odlazila je i vra\u0107ala se u Jagodinu, me\u0111u nas, da prenese sve najbolje \u0161to bi upila, dru\u017ee\u0107i se sa prosvetnom elitom u zemlji i svetu. Bila je pionir u mnogim stvarima, u koje na po\u010detku ba\u0161 nismo mnogo verovali. Lako nas je sve uverila, da je ono \u0161to zna da mo\u017eemo, prava stvar za na\u0161e \u0111ake i za nas li\u010dno. Zbog svakog velikog U, kad ka\u017ee u\u010ditelj, \u017eelimo da se zahvalimo na satima prijatnih okupljanja, podr\u0161ci i vra\u0107anju vere u izabrani poziv. \u2665\ufe0fSvi smo je zvali Vali, I ve\u010dito \u0107e da fali. Savet, poljubac, podr\u0161ka, vera.\u00a0\u00a0 Svi smo je zvali Vali.<\/p>\n<p>Valerija \u017divkovi\u0107 \u2013\u017eena bez vremena za sva vremena<\/p>\n<p>Ovog maja napustila nas je velika \u017eena, veliki \u010dovek, veliki borac za DOBRO. Slobodnog duha, pronicljiva, vesela kad je te\u0161ko, re\u0161avala je sve probleme sa lako\u0107om i jednostavno\u0161\u0107u.<\/p>\n<p>Psiholog svakom svojom \u0107elijom i uvek spremna za velika dela i jednostavna re\u0161enja. Njen itegritet mnogo puta je stavljan na te\u0161ke ispite, nikada nije ni okrnjen zahvanjuju\u0107i velikom znanju, \u0161irokom obrazovanju i razumevanju su\u0161tine vremena u kome \u017eivimo. Radoznalost je pokretala na velika dela. Svojom dalekovido\u0161\u0107u pronalazila je nova re\u0161enja, nove mogu\u0107nosti da se ide napred i napred, a sve to u slu\u017ebi dece i \u0161kole.<\/p>\n<p>Ona je \u010dovek \u0161kole, duboko svesna da \u0161kola ne mo\u017ee dalje bez obrazovanih u\u010ditelja i nastavnika. Marljivo je sadila seme znanja me\u0111u kolegama, u\u010diteljima , nastavnicima profesorima i svojim u\u010denicima. Sve nas je povezivala lako\u0107om veselo\u0161\u0107u i prirodnom vedrinom. Povezivala je u jedno, razli\u010dite institucije, znanja i ljude vide\u0107i u svemu napredak i revoluciju koja mo\u017ee da promeni na\u0161e poglede na svet. Donosila je i sadila novo znanje iz razli\u010ditih sfera i institucionalnih lestvica. Sa lako\u0107om je otvarala vrta Ministarstva prosvete, UNICEF &#8211; a, Giz &#8211; a&#8230;i sve to prenosila nama kako bi podigla nivo svesnosti.<\/p>\n<p>Nismo ba\u0161 uvek mogli da je razumemo i shvatimo. I\u0161la je ispred svih i utirala nove puteve i poglede na psihologiju i \u0161kolu. Predana porodici , odana\u00a0 supruga, po\u017ertvovana majka svojoj dala im je ono najvrednije LjUBAV.<\/p>\n<p>Oti\u0161la je u svetlost pokazav\u0161i nam put. Ostavila dubok profesionalni trag i postavila na zadatke koje treba re\u0161iti i preto\u010diti u delo. Uspomena ne bledi kad je utisnuta u s\u0107enje i srce ljubavlju.<\/p>\n<p>,,Ode Vali danas u svetlost da nam s one strane&#8221;<\/p>\n<p>Mislim o tome \u0161ta zna\u010di ime Valerija? Zna\u010di ona koja je jaka &#8211; od latinskog valerijanus. Uvek su nas u\u010dili da znamo \u0161ta re\u010di zna\u010de. Mislim koliko je bila jaka Vali moja koleginica sa studija , koliko je bila vesela, kreativna, marljiva, a tek jaka, jaka\u2026.Ode Vali danas u svetlost da nam s one strane poma\u017ee u ovim vremenima kad je svaki dan te\u017ei od prethodnog, kad nema ko da se smeje onako odistinski iz srca.Praznina , tuga velika ko Sibir sa sve brezama.A boli i boli ..mnogo boli.Nas dve na filozofskom\u00a0 vucaramo se onako studentski , ona iz Mileti\u0107a ja iz Svetozareva.Kao fle\u0161evi svetle uspomene : ona bez majke, ja bez oca\u2026.Dru\u017eenja, borbe, pomaganja prepirke\u2026sve sve\u00a0 \u0161to rade drugarice. I ode mi drugarica\u2026ode u svetlost .Znam da \u0107e tamo.Mnogo je u\u010dinila za sve nas \u2026Mnogo\u2026a rupa velika \u2026<\/p>\n","protected":false},"excerpt":{"rendered":"<p>JAGODINA- Na jagodinskom groblju danas sahranjenja Valerija \u017divkovi\u0107, psiholog u O\u0160 Rada Miljkovi\u0107. Ona je ostavila dubok trag u srpskoj prosveti, porukama na dru\u0161tvenim mre\u017eama &hellip; <\/p>\n","protected":false},"author":2,"featured_media":24033,"comment_status":"open","ping_status":"open","sticky":false,"template":"","format":"standard","meta":{"footnotes":""},"categories":[14,1524,2,1514,12],"tags":[58,4652,4651],"_links":{"self":[{"href":"https:\/\/centralmedia.rs\/index.php\/wp-json\/wp\/v2\/posts\/24032"}],"collection":[{"href":"https:\/\/centralmedia.rs\/index.php\/wp-json\/wp\/v2\/posts"}],"about":[{"href":"https:\/\/centralmedia.rs\/index.php\/wp-json\/wp\/v2\/types\/post"}],"author":[{"embeddable":true,"href":"https:\/\/centralmedia.rs\/index.php\/wp-json\/wp\/v2\/users\/2"}],"replies":[{"embeddable":true,"href":"https:\/\/centralmedia.rs\/index.php\/wp-json\/wp\/v2\/comments?post=24032"}],"version-history":[{"count":1,"href":"https:\/\/centralmedia.rs\/index.php\/wp-json\/wp\/v2\/posts\/24032\/revisions"}],"predecessor-version":[{"id":24034,"href":"https:\/\/centralmedia.rs\/index.php\/wp-json\/wp\/v2\/posts\/24032\/revisions\/24034"}],"wp:featuredmedia":[{"embeddable":true,"href":"https:\/\/centralmedia.rs\/index.php\/wp-json\/wp\/v2\/media\/24033"}],"wp:attachment":[{"href":"https:\/\/centralmedia.rs\/index.php\/wp-json\/wp\/v2\/media?parent=24032"}],"wp:term":[{"taxonomy":"category","embeddable":true,"href":"https:\/\/centralmedia.rs\/index.php\/wp-json\/wp\/v2\/categories?post=24032"},{"taxonomy":"post_tag","embeddable":true,"href":"https:\/\/centralmedia.rs\/index.php\/wp-json\/wp\/v2\/tags?post=24032"}],"curies":[{"name":"wp","href":"https:\/\/api.w.org\/{rel}","templated":true}]}}