{"id":24037,"date":"2020-05-19T15:21:36","date_gmt":"2020-05-19T15:21:36","guid":{"rendered":"http:\/\/centralmedia.rs\/?p=24037"},"modified":"2020-05-25T16:38:15","modified_gmt":"2020-05-25T16:38:15","slug":"obilazak-radova-na-regulaciji-reke-resave","status":"publish","type":"post","link":"https:\/\/centralmedia.rs\/index.php\/2020\/05\/19\/obilazak-radova-na-regulaciji-reke-resave\/","title":{"rendered":"OBILAZAK RADOVA NA REGULACIJI REKE RESAVE"},"content":{"rendered":"<p>SVILAJNAC- Predsednik op\u0161tine Svilajnac Predrag Milanovi\u0107 je danas sa predstavnicima JP \u201cSrbija vode\u201d i austrijske agencije za razvoj \u201cADA\u201d obi\u0161ao radove na regulaciji reke Resave. Trenutno se radi druga faza regulacije, u atarima sela Subotica i Sedlare, vrednost radova je preko 1,5 miliona evra.<br \/>\n\u201cPrvo smo morali da uradimo regulaciju Resave du\u017e njenog toka kroz grad da bismo za\u0161titili doma\u0107instva. To smo zavr\u0161ili i tokom obilnih ki\u0161a i Svilajn\u010dani mogu mirno da spavaju. Kada budemo zavr\u0161ili kompletnu regulaciju, i poljoprivrednici \u0107e mo\u0107i da budu mirni, jer njihovi usevi vi\u0161e ne\u0107e biti plavljeni. Uskoro \u0107emo po\u010deti i izgradnju sistema za navodnjavanje zbog \u010dega tako\u0111e trenutno reguli\u0161emo seoske, buji\u010dne potoke,\u201dizjavio je Milanovi\u0107.<\/p>\n<div id='gallery-1' class='gallery galleryid-24037 gallery-columns-2 gallery-size-full'><figure class='gallery-item'>\n\t\t\t<div class='gallery-icon landscape'>\n\t\t\t\t<a href='https:\/\/centralmedia.rs\/index.php\/2020\/05\/19\/obilazak-radova-na-regulaciji-reke-resave\/sedlare1-2\/'><img loading=\"lazy\" decoding=\"async\" width=\"2048\" height=\"1365\" src=\"https:\/\/centralmedia.rs\/wp-content\/uploads\/2020\/05\/sedlare1.jpg\" class=\"attachment-full size-full\" alt=\"\" srcset=\"https:\/\/centralmedia.rs\/wp-content\/uploads\/2020\/05\/sedlare1.jpg 2048w, https:\/\/centralmedia.rs\/wp-content\/uploads\/2020\/05\/sedlare1-300x200.jpg 300w, https:\/\/centralmedia.rs\/wp-content\/uploads\/2020\/05\/sedlare1-768x512.jpg 768w, https:\/\/centralmedia.rs\/wp-content\/uploads\/2020\/05\/sedlare1-1024x683.jpg 1024w, https:\/\/centralmedia.rs\/wp-content\/uploads\/2020\/05\/sedlare1-630x420.jpg 630w, https:\/\/centralmedia.rs\/wp-content\/uploads\/2020\/05\/sedlare1-640x427.jpg 640w, https:\/\/centralmedia.rs\/wp-content\/uploads\/2020\/05\/sedlare1-681x454.jpg 681w\" sizes=\"(max-width: 2048px) 100vw, 2048px\" \/><\/a>\n\t\t\t<\/div><\/figure><figure class='gallery-item'>\n\t\t\t<div class='gallery-icon landscape'>\n\t\t\t\t<a href='https:\/\/centralmedia.rs\/index.php\/2020\/05\/19\/obilazak-radova-na-regulaciji-reke-resave\/sedlare2-2\/'><img loading=\"lazy\" decoding=\"async\" width=\"2048\" height=\"1365\" src=\"https:\/\/centralmedia.rs\/wp-content\/uploads\/2020\/05\/sedlare2.jpg\" class=\"attachment-full size-full\" alt=\"\" srcset=\"https:\/\/centralmedia.rs\/wp-content\/uploads\/2020\/05\/sedlare2.jpg 2048w, https:\/\/centralmedia.rs\/wp-content\/uploads\/2020\/05\/sedlare2-300x200.jpg 300w, https:\/\/centralmedia.rs\/wp-content\/uploads\/2020\/05\/sedlare2-768x512.jpg 768w, https:\/\/centralmedia.rs\/wp-content\/uploads\/2020\/05\/sedlare2-1024x683.jpg 1024w, https:\/\/centralmedia.rs\/wp-content\/uploads\/2020\/05\/sedlare2-630x420.jpg 630w, https:\/\/centralmedia.rs\/wp-content\/uploads\/2020\/05\/sedlare2-640x427.jpg 640w, https:\/\/centralmedia.rs\/wp-content\/uploads\/2020\/05\/sedlare2-681x454.jpg 681w\" sizes=\"(max-width: 2048px) 100vw, 2048px\" \/><\/a>\n\t\t\t<\/div><\/figure>\n\t\t<\/div>\n\n","protected":false},"excerpt":{"rendered":"<p>SVILAJNAC- Predsednik op\u0161tine Svilajnac Predrag Milanovi\u0107 je danas sa predstavnicima JP \u201cSrbija vode\u201d i austrijske agencije za razvoj \u201cADA\u201d obi\u0161ao radove na regulaciji reke Resave. &hellip; <\/p>\n","protected":false},"author":2,"featured_media":24038,"comment_status":"open","ping_status":"open","sticky":false,"template":"","format":"standard","meta":{"footnotes":""},"categories":[14,1524,2,887,12,1517],"tags":[517,470,38],"_links":{"self":[{"href":"https:\/\/centralmedia.rs\/index.php\/wp-json\/wp\/v2\/posts\/24037"}],"collection":[{"href":"https:\/\/centralmedia.rs\/index.php\/wp-json\/wp\/v2\/posts"}],"about":[{"href":"https:\/\/centralmedia.rs\/index.php\/wp-json\/wp\/v2\/types\/post"}],"author":[{"embeddable":true,"href":"https:\/\/centralmedia.rs\/index.php\/wp-json\/wp\/v2\/users\/2"}],"replies":[{"embeddable":true,"href":"https:\/\/centralmedia.rs\/index.php\/wp-json\/wp\/v2\/comments?post=24037"}],"version-history":[{"count":1,"href":"https:\/\/centralmedia.rs\/index.php\/wp-json\/wp\/v2\/posts\/24037\/revisions"}],"predecessor-version":[{"id":24041,"href":"https:\/\/centralmedia.rs\/index.php\/wp-json\/wp\/v2\/posts\/24037\/revisions\/24041"}],"wp:featuredmedia":[{"embeddable":true,"href":"https:\/\/centralmedia.rs\/index.php\/wp-json\/wp\/v2\/media\/24038"}],"wp:attachment":[{"href":"https:\/\/centralmedia.rs\/index.php\/wp-json\/wp\/v2\/media?parent=24037"}],"wp:term":[{"taxonomy":"category","embeddable":true,"href":"https:\/\/centralmedia.rs\/index.php\/wp-json\/wp\/v2\/categories?post=24037"},{"taxonomy":"post_tag","embeddable":true,"href":"https:\/\/centralmedia.rs\/index.php\/wp-json\/wp\/v2\/tags?post=24037"}],"curies":[{"name":"wp","href":"https:\/\/api.w.org\/{rel}","templated":true}]}}