{"id":24059,"date":"2020-05-22T09:35:49","date_gmt":"2020-05-22T09:35:49","guid":{"rendered":"http:\/\/centralmedia.rs\/?p=24059"},"modified":"2020-05-25T16:39:03","modified_gmt":"2020-05-25T16:39:03","slug":"danas-je-mladi-sveti-nikola","status":"publish","type":"post","link":"https:\/\/centralmedia.rs\/index.php\/2020\/05\/22\/danas-je-mladi-sveti-nikola\/","title":{"rendered":"Danas je Mladi Sveti Nikola"},"content":{"rendered":"<p>Srpska pravoslavna crkva i vernici proslavljaju mladog Svetog Nikolu, dan kada su mo\u0161ti naj\u010de\u0161\u0107e slavljenog i omiljenog svetitelja u na\u0161em narodu, prenete iz Likije u Bari. Slave ga mnoga mesta i porodice kao malu slavu, zavetinu ili preslavu.<\/p>\n<p>Dana\u0161nji praznik spomen je na prenos mo\u0161tiju Svetog Nikole iz Mire, drevnog grada u anti\u010dkoj Likiji u Bari, gde i danas po\u010divaju.<\/p>\n<p>Prilikom prenosa svetih mo\u0161tiju, desila su se mnoga \u010dudesa. Isceli\u0161e se bolesni, hromi i slepi, gluvi i besomu\u010dni.<\/p>\n<p>To se, ka\u017eu, i dan danas de\u0161ava, pa se vernici \u0161irom sveta mole ovom svetitelju kada se na\u0111u u nevolji ili bolesti.<\/p>\n<p>Smatran svecem jo\u0161 za \u017eivota, skroman i \u010destit, pomagao je siroma\u0161nima, kri\u0161om \u010dine\u0107i dobro\u010dinstva. Smatra se za\u0161titnikom dece, u\u010denih ljudi, trgovaca, mornara, putnika&#8230;<\/p>\n<p>Kod nas ovog sveca najvi\u0161e proslavljaju na Nikoljdan, 19. decembra po novom kalendaru, u znak se\u0107anja na svetiteljevu smrt 343. godine. Oni koji slave Nikoljadan, prenos mo\u0161tiju obele\u017eavaju kao preslavu, i obrnuto.<\/p>\n<p>Iako kalendarski ne pripada letu, zbog naj\u010de\u0161\u0107e lepog vremena na dana\u0161nji dan, praznik se u narodu naziva i letnji Sveti Nikola, ponegde i Nikolice.<\/p>\n<p>Naj\u010de\u0161\u0107e se spominje kako je sveti Nikolaj povratio vid slepom srpskom kralju, Svetom Stefanu De\u010danskom.<\/p>\n<p>Po obi\u010dajnom kalendaru, danas ne valja raditi ku\u0107ne poslove. Ponegde se, kao i za zimski Nikoljan, daruju deca. Kao gradsku slavu obele\u017eavaju ga Kikinda i \u0160id.<\/p>\n<p>&nbsp;<\/p>\n","protected":false},"excerpt":{"rendered":"<p>Srpska pravoslavna crkva i vernici proslavljaju mladog Svetog Nikolu, dan kada su mo\u0161ti naj\u010de\u0161\u0107e slavljenog i omiljenog svetitelja u na\u0161em narodu, prenete iz Likije u &hellip; <\/p>\n","protected":false},"author":2,"featured_media":10590,"comment_status":"open","ping_status":"open","sticky":false,"template":"","format":"standard","meta":{"footnotes":""},"categories":[14,12],"tags":[2001,894,3415,3739],"_links":{"self":[{"href":"https:\/\/centralmedia.rs\/index.php\/wp-json\/wp\/v2\/posts\/24059"}],"collection":[{"href":"https:\/\/centralmedia.rs\/index.php\/wp-json\/wp\/v2\/posts"}],"about":[{"href":"https:\/\/centralmedia.rs\/index.php\/wp-json\/wp\/v2\/types\/post"}],"author":[{"embeddable":true,"href":"https:\/\/centralmedia.rs\/index.php\/wp-json\/wp\/v2\/users\/2"}],"replies":[{"embeddable":true,"href":"https:\/\/centralmedia.rs\/index.php\/wp-json\/wp\/v2\/comments?post=24059"}],"version-history":[{"count":1,"href":"https:\/\/centralmedia.rs\/index.php\/wp-json\/wp\/v2\/posts\/24059\/revisions"}],"predecessor-version":[{"id":24060,"href":"https:\/\/centralmedia.rs\/index.php\/wp-json\/wp\/v2\/posts\/24059\/revisions\/24060"}],"wp:featuredmedia":[{"embeddable":true,"href":"https:\/\/centralmedia.rs\/index.php\/wp-json\/wp\/v2\/media\/10590"}],"wp:attachment":[{"href":"https:\/\/centralmedia.rs\/index.php\/wp-json\/wp\/v2\/media?parent=24059"}],"wp:term":[{"taxonomy":"category","embeddable":true,"href":"https:\/\/centralmedia.rs\/index.php\/wp-json\/wp\/v2\/categories?post=24059"},{"taxonomy":"post_tag","embeddable":true,"href":"https:\/\/centralmedia.rs\/index.php\/wp-json\/wp\/v2\/tags?post=24059"}],"curies":[{"name":"wp","href":"https:\/\/api.w.org\/{rel}","templated":true}]}}