{"id":24063,"date":"2020-05-25T11:51:48","date_gmt":"2020-05-25T11:51:48","guid":{"rendered":"http:\/\/centralmedia.rs\/?p=24063"},"modified":"2020-06-02T10:47:44","modified_gmt":"2020-06-02T10:47:44","slug":"palma-svih-hiljadu-zaposlenih-iz-opste-bolnice-i-doma-zdravlja-u-jagodini-5-dana-besplatno-ce-ici-u-paraliju-na-more-o-trosku-donatora","status":"publish","type":"post","link":"https:\/\/centralmedia.rs\/index.php\/2020\/05\/25\/palma-svih-hiljadu-zaposlenih-iz-opste-bolnice-i-doma-zdravlja-u-jagodini-5-dana-besplatno-ce-ici-u-paraliju-na-more-o-trosku-donatora\/","title":{"rendered":"PALMA : SVIH HILJADU ZAPOSLENIH IZ OP\u0160TE BOLNICE I DOMA ZDRAVLJA U JAGODINI 5 DANA BESPLATNO \u0106E I\u0106I U PARALIJU NA MORE O TRO\u0160KU DONATORA."},"content":{"rendered":"<p>JAGODINA- Krizni \u0161tab grada Jagodine jednoglasno je na dana\u0161njoj sednici usvojio Izve\u0161taj o merama preduzetim na suzbijanju virusa KOVID \u2013 19. Predsednik Skup\u0161tine grada Jagodine Dragan Markovi\u0107 Palma zahvalio se svima koji su doprineli suzbijanju korona\u00a0\u00a0virusa, gra\u0111anima, policiji, vojsci, zaposlenima u Javnom komunalnom preduze\u0107u \u201eStandard\u201c, volonterima, zaposlenima u lokalnoj samoupravi gde je jedna tre\u0107ina celo vreme radila, a posebno lekarima, medicinskim sestrama i tehni\u010darima i kompletnom osoblju Op\u0161te bolnice i Doma zdravlja u Jagodini.<\/p>\n<p><img loading=\"lazy\" decoding=\"async\" class=\"alignnone wp-image-24065 size-full\" src=\"http:\/\/centralmedia.rs\/wp-content\/uploads\/2020\/05\/palma-i-ratko.jpg\" alt=\"\" width=\"960\" height=\"789\" srcset=\"https:\/\/centralmedia.rs\/wp-content\/uploads\/2020\/05\/palma-i-ratko.jpg 960w, https:\/\/centralmedia.rs\/wp-content\/uploads\/2020\/05\/palma-i-ratko-300x247.jpg 300w, https:\/\/centralmedia.rs\/wp-content\/uploads\/2020\/05\/palma-i-ratko-768x631.jpg 768w, https:\/\/centralmedia.rs\/wp-content\/uploads\/2020\/05\/palma-i-ratko-511x420.jpg 511w, https:\/\/centralmedia.rs\/wp-content\/uploads\/2020\/05\/palma-i-ratko-640x526.jpg 640w, https:\/\/centralmedia.rs\/wp-content\/uploads\/2020\/05\/palma-i-ratko-681x560.jpg 681w\" sizes=\"(max-width: 960px) 100vw, 960px\" \/><\/p>\n<p>-Ovog leta, od 28 avgusta, 600 lekara, medicinskih sestara i tehni\u010dara i ostalog osoblja Op\u0161te bolnice i Doma zdravlja u Jagodini i\u0107i \u0107e 5 dana besplatno na more u Paraliju u Gr\u010dku, u organizaciji grada Jagodine, a o tro\u0161ku donatora. Po\u0161to ima ukupno hiljadu zaposlenih u ove dve ustanove, a ova letnja sezona ne\u0161to kasnije po\u010dinje, ostalih 400 \u0107e i\u0107i tako\u0111e 5 dana besplatno u Paraliju slede\u0107e godine. I na taj na\u010din \u0107e se grad Jagodina zahvaliti svim zaposlenima u Op\u0161toj bolnici i Domu zdravlja u Jagodini, koji su se pokazali kao jedni od najboljih u Srbiji. Op\u0161ta bolnica i Dom zdravlja u Jagodini prihvatili su pacijente sa nekoliko odelenja iz \u0106uprije i Para\u0107ina koja su tamo bila zatvorena zbog korone. To uklju\u010duje i trudnice koje su dolazile u Jagodinu da se pora\u0111aju, izjavio je na dana\u0161njoj sednici Gradskog kriznog \u0161taba u Jagodini, Markovi\u0107.<\/p>\n<p>-Moram da istaknem i da mere koje je sprovela Vlada Srbije o dodeli po 30 hiljada dinara za tri meseca po zaposlenom radniku u malim i srednjim privatnim preduze\u0107ima je veoma va\u017ena, jer da nije toga bilo najmanje 30 posto radnika bi u tom sektoru ostalo bez posla, ocenio je Markovi\u0107.<\/p>\n<p>-Nadam se da smo ispratili koronu iz Jagodine. Borili smo se lavovski svi zajedno. Svakom \u010doveku koji je tra\u017eio pomo\u0107 pomogli smo. \u017delim da istaknem i da je zelena pijaca u Jagodini celo vreme radila, jer je Republi\u010dki krizni \u0161tab ostavio lokalnim samoupravama da odlu\u010de o tome. Time smo pomogli na\u0161im poljoprivrednim proizvo\u0111a\u010dima, \u010diji su proizvodi stigli iz plastenika, a nemaju hladnja\u010de i kupcima i to ne samo iz Jagodine ve\u0107 iz cele centralne Srbije, koji su svakodnevno dolazali na zelenu pijacu u Jagodini. Veliko hvala gra\u0111anima Jagodine koji su po\u0161tovali sve mere Kriznog \u0161taba Republike Srbije i nisu izlazili na ulice tokom vanrednog stanja, osim onih koji su bili na radnim zadacima.<\/p>\n<p>MEDIJI STVARAJU PSIHOLO\u0160KI PROBLEM<\/p>\n<p>-Ono \u0161to meni li\u010dno smeta je \u0161to se i dalje stvara psiholo\u0161ki problem gra\u0111anima putem nekih medija, gde i dalje kada gleda\u0161, samo o\u010dekuje\u0161 drugi, pa i tre\u0107i talas korone. I to me stra\u0161no nervira i smeta mi. Moja preporuka gra\u0111anima je gledajte sportske i zabavne programe, a \u010dim vidite tri lekara u studiju promenite kanal, rekao je Markovi\u0107.<\/p>\n<p>Direktor Doma zdravlja u Jagodini dr Darko Mileti\u0107 je reklao da je ukupno od po\u010detka epidemije na teritoriji grada Jagodine bilo zara\u017eeno korona virusom 122 gra\u0111ana, od toga 4 lekara i 5 medicinskih sestara i tehni\u010dara. Mileti\u0107 se zahvalio lokalnoj samoupravi, koja je, kako je rekao, non stop bila uz svoje zdravstvene radnike. Pomo\u0107nica gradona\u010delnika Jagodine Marija Jovanovi\u0107 je rekla da je od prvog dana uvo\u0111enja vanrednog stanja, Krizni \u0161tab grada Jagodine uveo kol centar sa pet telefonskih linija koji je radio non stop. Jovanovi\u0107 je rekla da se od prvog dana na poziv grada Jagodine javilo preko 70 volontera koji su non stop bili na usluzi gra\u0111anima.<\/p>\n<p>-Ukupno je tokom vanrednog stanja podeljeno vi\u0161e od 7 000 prehrambenih, higijenskih i uskr\u0161njih paketa u 4200 porodica u svim selima i gradu Jagodini. Pored toga grad Jagodina je prilikom svake kupovine od strane penzionera obezedio taksiste da ih besplatno prevoze do ku\u0107a i stanova, rekla je Jovanovi\u0107. Na dana\u0161njoj sednici Kriznog \u0161taba grada Jagodine govorio je i pomo\u0107nik direktora Op\u0161te bolnice u Jagodini, dr Vladimir Nedeljkovi\u0107 koji je i sam prele\u017eao korionu.<\/p>\n<p>-Nakon jednog sastanka u \u0106upriji osetio sam sve simptome korone. Nakon toga test je pokazao da smo pozitivna ja i moja mla\u0111a \u0107erka, a supruga i starija \u0107erka su bile negativne. Proveo sam 15 dana na bolni\u010dkom le\u010denju u Klini\u010dko bolni\u010dkom centru \u201eZvezdara\u201c u Beogradu, a nakon toga 10 dana u \u201eMerkuru\u201c u Vrnja\u010dkoj Banji i onda u ku\u0107noj izolaciji. Sve \u010destitke za moje kolege u Srbiji, rekao je dr Nedeljkovi\u0107. Gradona\u010delnik Jagodine Ratko Stevanovi\u0107 zahvalio se svim gra\u0111anima Jagodine na pokazanoj disciplini tokom vanrednog stanja<\/p>\n<p>&nbsp;<\/p>\n","protected":false},"excerpt":{"rendered":"<p>JAGODINA- Krizni \u0161tab grada Jagodine jednoglasno je na dana\u0161njoj sednici usvojio Izve\u0161taj o merama preduzetim na suzbijanju virusa KOVID \u2013 19. Predsednik Skup\u0161tine grada Jagodine &hellip; <\/p>\n","protected":false},"author":2,"featured_media":24064,"comment_status":"open","ping_status":"open","sticky":false,"template":"","format":"standard","meta":{"footnotes":""},"categories":[1524,2,1514,13,12],"tags":[58,4440,536,845],"_links":{"self":[{"href":"https:\/\/centralmedia.rs\/index.php\/wp-json\/wp\/v2\/posts\/24063"}],"collection":[{"href":"https:\/\/centralmedia.rs\/index.php\/wp-json\/wp\/v2\/posts"}],"about":[{"href":"https:\/\/centralmedia.rs\/index.php\/wp-json\/wp\/v2\/types\/post"}],"author":[{"embeddable":true,"href":"https:\/\/centralmedia.rs\/index.php\/wp-json\/wp\/v2\/users\/2"}],"replies":[{"embeddable":true,"href":"https:\/\/centralmedia.rs\/index.php\/wp-json\/wp\/v2\/comments?post=24063"}],"version-history":[{"count":1,"href":"https:\/\/centralmedia.rs\/index.php\/wp-json\/wp\/v2\/posts\/24063\/revisions"}],"predecessor-version":[{"id":24066,"href":"https:\/\/centralmedia.rs\/index.php\/wp-json\/wp\/v2\/posts\/24063\/revisions\/24066"}],"wp:featuredmedia":[{"embeddable":true,"href":"https:\/\/centralmedia.rs\/index.php\/wp-json\/wp\/v2\/media\/24064"}],"wp:attachment":[{"href":"https:\/\/centralmedia.rs\/index.php\/wp-json\/wp\/v2\/media?parent=24063"}],"wp:term":[{"taxonomy":"category","embeddable":true,"href":"https:\/\/centralmedia.rs\/index.php\/wp-json\/wp\/v2\/categories?post=24063"},{"taxonomy":"post_tag","embeddable":true,"href":"https:\/\/centralmedia.rs\/index.php\/wp-json\/wp\/v2\/tags?post=24063"}],"curies":[{"name":"wp","href":"https:\/\/api.w.org\/{rel}","templated":true}]}}