{"id":24070,"date":"2020-05-25T11:58:12","date_gmt":"2020-05-25T11:58:12","guid":{"rendered":"http:\/\/centralmedia.rs\/?p=24070"},"modified":"2020-06-02T10:47:58","modified_gmt":"2020-06-02T10:47:58","slug":"telegraf-komsije-nisu-znale-da-je-dragana-26-trudna-radila-je-sve-dok-nije-nadena-mrtva-beba-u-dvoristu","status":"publish","type":"post","link":"https:\/\/centralmedia.rs\/index.php\/2020\/05\/25\/telegraf-komsije-nisu-znale-da-je-dragana-26-trudna-radila-je-sve-dok-nije-nadena-mrtva-beba-u-dvoristu\/","title":{"rendered":"TELEGRAF: Kom\u0161ije nisu znale da je Dragana (26) trudna: Radila je sve dok nije na\u0111ena mrtva beba u dvori\u0161tu?"},"content":{"rendered":"<p>Dragana R. (26) iz Malog Popovi\u0107a kod Jagodine sumnji\u010di se da je, nakon \u0161to je porodila, dete bacila u septi\u010dku jamu ili poljski ve-ce.<\/p>\n<p>&#8211;\u00a0Niko nije znao da je Dragana trudna. Sustigla je u petak ili subotu mog supruga koji je bio na biciklu, a koji ni\u0161ta nije ni tada primetio\u00a0&#8211; ka\u017ee me\u0161tanka Malog Popovi\u0107a, kom\u0161inica Dragane R. za koju se\u00a0sumnja da je nakon poro\u0111aja dete ubila.<\/p>\n<p>Dragana R. (26) iz Malog Popovi\u0107a sumnji\u010di se da je, nakon \u0161to se porodila,\u00a0dete bacila u septi\u010dku jamu ili poljski ve-ce. Za ovaj slu\u010daj saznalo se kad je \u017eena oti\u0161la u bolnicu zbog zdravstvenih komplikacija.<\/p>\n<p>Budu\u0107i da je konstatovano da se \u017eena nedavno porodila, a da nije \u017eelela da pri\u010da o bebi, obave\u0161tena je policija.<\/p>\n<p>&#8211; Policija je oti\u0161la do njene ku\u0107e i pretra\u017eila je.\u00a0Telo bebe prona\u0111eno je u okviru dvori\u0161ta ku\u0107e u kojoj je Dragana \u017eivela, u septi\u010dkoj jami ili poljskom veceu<\/p>\n<p><strong>\u00a0<\/strong>Dragana R. u ku\u0107i \u017eivi sa sestrom, dvojicom bra\u0107e i majkom, pri\u010daju me\u0161tani Malog Popovi\u0107a. Kako dodaju, u pitanju je porodica koja se doselila sa Kosova. Draganin otac je, dodaju, preminuo.<\/p>\n<p>Pojedine me\u0161tane je vest iznenadila jer, kako tvrde,<strong style=\"font-style: inherit;\">\u00a0<\/strong>nisu ni znali da je Dragana, koju opisuju kao &#8220;kulturnu&#8221; devojku, trudna.<\/p>\n<p>&#8211;<strong style=\"font-style: inherit;\">\u00a0<\/strong>Dragana je zaposlena u jednoj prodavnici u susednom mestu Glogovac. Suprug ju je video u petak ili subotu, sustigla ga je dok je bio na biciklu. Do tog dana je radila u prodavnici. Niko nije znao da je trudna niti se to prime\u0107ivalo<\/p>\n<p>Kako &#8220;Telegraf&#8221; saznaje, istragu je vodilo najpre Vi\u0161e javno tu\u017eila\u0161tvo u Jagodini za krivi\u010dno delo te\u0161ko ubistvo, ali se ipak sada predmet nalazi u Osnovnom javnom tu\u017eila\u0161tvu, a delo je kvalifikovano kao\u00a0ubistvo deteta pri poro\u0111aju. Za ovo krivi\u010dno delo zapre\u0107ena je kazna zatvora od \u0161est meseci do pet godina.<\/p>\n<p>Nalo\u017eena je odbukcija tela bebe i \u010dekaju se nalazi.<\/p>\n<p>Dragana R. i dalje se nalazi u bolnici i njeno saslu\u0161anje u tu\u017eila\u0161tvu tek sledi<\/p>\n<p>&nbsp;<\/p>\n","protected":false},"excerpt":{"rendered":"<p>Dragana R. (26) iz Malog Popovi\u0107a kod Jagodine sumnji\u010di se da je, nakon \u0161to je porodila, dete bacila u septi\u010dku jamu ili poljski ve-ce. &#8211;\u00a0Niko &hellip; <\/p>\n","protected":false},"author":2,"featured_media":16553,"comment_status":"open","ping_status":"open","sticky":false,"template":"","format":"standard","meta":{"footnotes":""},"categories":[1524,20,2,1514,12],"tags":[58,4658,4660],"_links":{"self":[{"href":"https:\/\/centralmedia.rs\/index.php\/wp-json\/wp\/v2\/posts\/24070"}],"collection":[{"href":"https:\/\/centralmedia.rs\/index.php\/wp-json\/wp\/v2\/posts"}],"about":[{"href":"https:\/\/centralmedia.rs\/index.php\/wp-json\/wp\/v2\/types\/post"}],"author":[{"embeddable":true,"href":"https:\/\/centralmedia.rs\/index.php\/wp-json\/wp\/v2\/users\/2"}],"replies":[{"embeddable":true,"href":"https:\/\/centralmedia.rs\/index.php\/wp-json\/wp\/v2\/comments?post=24070"}],"version-history":[{"count":2,"href":"https:\/\/centralmedia.rs\/index.php\/wp-json\/wp\/v2\/posts\/24070\/revisions"}],"predecessor-version":[{"id":24072,"href":"https:\/\/centralmedia.rs\/index.php\/wp-json\/wp\/v2\/posts\/24070\/revisions\/24072"}],"wp:featuredmedia":[{"embeddable":true,"href":"https:\/\/centralmedia.rs\/index.php\/wp-json\/wp\/v2\/media\/16553"}],"wp:attachment":[{"href":"https:\/\/centralmedia.rs\/index.php\/wp-json\/wp\/v2\/media?parent=24070"}],"wp:term":[{"taxonomy":"category","embeddable":true,"href":"https:\/\/centralmedia.rs\/index.php\/wp-json\/wp\/v2\/categories?post=24070"},{"taxonomy":"post_tag","embeddable":true,"href":"https:\/\/centralmedia.rs\/index.php\/wp-json\/wp\/v2\/tags?post=24070"}],"curies":[{"name":"wp","href":"https:\/\/api.w.org\/{rel}","templated":true}]}}