{"id":24117,"date":"2020-05-29T13:33:14","date_gmt":"2020-05-29T13:33:14","guid":{"rendered":"http:\/\/centralmedia.rs\/?p=24117"},"modified":"2020-06-02T10:50:45","modified_gmt":"2020-06-02T10:50:45","slug":"mediji-bivsi-fudbaleri-jagodine-nama-i-nasim-porodicama-naneta-je-steta-klub-i-dalje-prihoduje-a-tokovi-novca-nisu-poznati","status":"publish","type":"post","link":"https:\/\/centralmedia.rs\/index.php\/2020\/05\/29\/mediji-bivsi-fudbaleri-jagodine-nama-i-nasim-porodicama-naneta-je-steta-klub-i-dalje-prihoduje-a-tokovi-novca-nisu-poznati\/","title":{"rendered":"MEDIJI -BIV\u0160I FUDBALERI JAGODINE: ,,Nama i na\u0161im porodicama naneta je \u0161teta, klub i dalje prihoduje, a tokovi novca nisu poznati&#8221;!"},"content":{"rendered":"<p>Svoja potra\u017eivanja putem otvorenog pisma i obustavljanja aktivnosti potra\u017euju i biv\u0161i igra\u010di Jagodine, preneli su danas srpski mediji.<\/p>\n<p>Naime, klub koji se trenutno takmi\u010di u petom rangu fudbalskih takmi\u010denja, obustavio je sve aktivnosti, a re\u0161enje za svoje probleme poku\u0161avaju da na\u0111u mirnim putem. Saop\u0161tenje prenosimo u celosti:<\/p>\n<p>\u2013\u00a0FK Jagodina bio je finansiran u najve\u0107oj meri iz gradskog bud\u017eeta, predstavnici grada bili su u upravlja\u010dkom telu kluba, a odlukom o istupanju iz saveznog ranga takmi\u010denja, nama i na\u0161im porodicama naneta je velika \u0161teta. Grad Jagodina smatramo najodgovornijim za to \u0161to smo kao biv\u0161i igra\u010di FK Jagodina izigrani i zbog stvaranja fantomskog kluba FK Jagodina Tabane koji je planski pravljen sa namerom da nam se napravi \u0161teta, iako smo na\u0161 posao radili po\u0161teno, sa uspehom i pre\u017eiveli smo sa svojim porodicama te\u017eak period u klubu i \u017eivotu\u00a0\u2013 isti\u010de se u saop\u0161tenju<\/p>\n<p>Dodato je da klub i dalje ostvaruje prihode na osnovu transfera iz pro\u0161losti.<\/p>\n<p>\u2013 FK Jagodina se takmi\u010di u petoj ligi i formalno i dalje posluje, a razlog nevedenog su prihodi koje FK Jagodina ostvaruje po vi\u0161e osnova od biv\u0161ih igra\u010da,\u00a0Predraga Rajkovi\u0107a, Aleksandra Pe\u0161i\u0107a\u00a0itd\u2026 a tokovi novca nam nisu poznati. Ako grad Jagodina ne bude ispo\u0161tovao na\u0161 zahtev, ne pozovu nas na dogovor i ne ponude re\u0161enje u roku od 10 dana, mi \u0107emo se okupiti ispred gradske op\u0161tine gde \u0107emo zapo\u010deti javni protest \u2013 navedeno je u nastavku.<\/p>\n<p>Fudbaleri su dodali da saop\u0161tenje nije politi\u010dki motivisano.<\/p>\n<p>\u2013 Mi smo obi\u010dni gra\u0111ani, sportisti, politikom se ne bavimo, niti nas politika interesuje. Zahtev poslali i potpisali igra\u010di:\u00a0Ga\u0161i\u0107 Danijel, Arsenijevi\u0107 Nemanja, Milinkovi\u0107 Milan, Stojimirovi\u0107 Aleksandar, Mito\u0161evi\u0107 Vuk, Ili\u0107 Vladimir, Nedovi\u0107 Stefan, Martinovi\u0107 Du\u0161an, Mari\u0107 Slavko, Damjanovi\u0107 Dario, \u0110uri\u0107 Milan, Lepovi\u0107 Milo\u0161, \u017divanovi\u0107 Aleksandar, \u0110or\u0111evi\u0107 Predrag i Mijatovi\u0107 Sla\u0111an\u00a0\u2013 pi\u0161e na kraju saop\u0161tenja biv\u0161ih igra\u010da Jagodine.<\/p>\n<p>&nbsp;<\/p>\n","protected":false},"excerpt":{"rendered":"<p>Svoja potra\u017eivanja putem otvorenog pisma i obustavljanja aktivnosti potra\u017euju i biv\u0161i igra\u010di Jagodine, preneli su danas srpski mediji. Naime, klub koji se trenutno takmi\u010di u &hellip; <\/p>\n","protected":false},"author":2,"featured_media":24119,"comment_status":"open","ping_status":"open","sticky":false,"template":"","format":"standard","meta":{"footnotes":""},"categories":[1524,2,1514,21,12],"tags":[4668,1180,3998,4669],"_links":{"self":[{"href":"https:\/\/centralmedia.rs\/index.php\/wp-json\/wp\/v2\/posts\/24117"}],"collection":[{"href":"https:\/\/centralmedia.rs\/index.php\/wp-json\/wp\/v2\/posts"}],"about":[{"href":"https:\/\/centralmedia.rs\/index.php\/wp-json\/wp\/v2\/types\/post"}],"author":[{"embeddable":true,"href":"https:\/\/centralmedia.rs\/index.php\/wp-json\/wp\/v2\/users\/2"}],"replies":[{"embeddable":true,"href":"https:\/\/centralmedia.rs\/index.php\/wp-json\/wp\/v2\/comments?post=24117"}],"version-history":[{"count":2,"href":"https:\/\/centralmedia.rs\/index.php\/wp-json\/wp\/v2\/posts\/24117\/revisions"}],"predecessor-version":[{"id":24121,"href":"https:\/\/centralmedia.rs\/index.php\/wp-json\/wp\/v2\/posts\/24117\/revisions\/24121"}],"wp:featuredmedia":[{"embeddable":true,"href":"https:\/\/centralmedia.rs\/index.php\/wp-json\/wp\/v2\/media\/24119"}],"wp:attachment":[{"href":"https:\/\/centralmedia.rs\/index.php\/wp-json\/wp\/v2\/media?parent=24117"}],"wp:term":[{"taxonomy":"category","embeddable":true,"href":"https:\/\/centralmedia.rs\/index.php\/wp-json\/wp\/v2\/categories?post=24117"},{"taxonomy":"post_tag","embeddable":true,"href":"https:\/\/centralmedia.rs\/index.php\/wp-json\/wp\/v2\/tags?post=24117"}],"curies":[{"name":"wp","href":"https:\/\/api.w.org\/{rel}","templated":true}]}}