{"id":24122,"date":"2020-05-30T18:26:44","date_gmt":"2020-05-30T18:26:44","guid":{"rendered":"http:\/\/centralmedia.rs\/?p=24122"},"modified":"2020-06-02T10:49:25","modified_gmt":"2020-06-02T10:49:25","slug":"palma-jagodina-vise-nece-puniti-budzet-mila-dukanovica-koji-sutira-srbe-iz-cg-i-otima-imovinu-spc","status":"publish","type":"post","link":"https:\/\/centralmedia.rs\/index.php\/2020\/05\/30\/palma-jagodina-vise-nece-puniti-budzet-mila-dukanovica-koji-sutira-srbe-iz-cg-i-otima-imovinu-spc\/","title":{"rendered":"PALMA : JAGODINA VI\u0160E NE\u0106E PUNITI BUD\u017dET MILA \u0110UKANOVI\u0106A, KOJI \u0160UTIRA SRBE IZ CG I OTIMA IMOVINU SPC"},"content":{"rendered":"<p>JAGODINA- Na lokalnim izborima u Jagodini pod rednim brojem 1 je lista pod nazovom \u201cDragan Markovi\u0107 Palma \u2013 Jedinstvena Srbija \u2013 Ivica Da\u010di\u0107 \u2013 Socijalisti\u010dka partija Srbije \u2013 Aleksandar Vu\u010di\u0107 \u2013 Srpska napredna stranka\u201d. Tim koji u Jagodini vodi Dragan Markovi\u0107 Palma po\u010deo je predizbornu kampanju u domovima kulture u jagodinskim selima Drago\u0161evac, Kolare i Glavinci. Tribine su po\u010dele uz po\u0161tovanje svih zdravstvenih mera i na ulazu u salu su svima deljene za\u0161titne maske, rukavice i dezinfekciona sredstva, a u salama je bilo do 100 ljudi.<\/p>\n<p>\u201cKampanja na dru\u0161tvenim mre\u017eama je jedno, a ono \u0161to vidite svojim o\u010dima i \u0161to se zovu dela je ne\u0161to drugo i realnost. Va\u0161e o\u010di niko ne mo\u017ee da prevari. U na\u0161em timu za lokalne izbore u Jagodini je 210 ljudi, lekara, socijalnih i prosvetnih radnika, privrednika, poljoprivrednika, in\u017eenjera, sportskih, kulturnih i turisti\u010dkih radnika. To je tim ljudi koji svi imaju svoje uspe\u0161ne karijere, radna mesta i ne treba im ni radno mesto, ni slu\u017ebeno vozilo, Sve imaju. A do\u0161li su u doma\u0107insku stranku da pomognu svojim gra\u0111anima. U Jagodini nema plata za \u010dlanove gradskog ve\u0107a, dnevnica za odbornike, nema putnih tro\u0161kova i kafanskih ra\u010duna. U Jagodini bud\u017eet tro\u0161e oni koji pune bud\u017eet, a to su gra\u0111ani. Ova koalicija je iz doma\u0107inske ku\u0107e, koja ne odvaja sela od grada i ravnomerno razvija i sela i grad. Ja sam da se u izbornoj kampanji takmi\u010dimo, \u0161ta si radio, \u0161ta je tvoj program i \u0161ta \u0107e\u0161 da radi\u0161 u narednom vremenskom periodu, a ne da se blatimo i napadamo\u201d, izjavio je nosilac ove liste na lokalnim izborima u Jagodini, predsednik Jedinstvene Srbije Dragan Markovi\u0107 Palma. \u201cU Jagodini je koalicija SPS \u2013 Jedinstvena Srbija zajedno na listi sa Srpskom naprednom strankom zato \u0161to smo sve zajedno radili na dobrobit gra\u0111ana sa odbornicima SNS i dogovarali se\u201d, rekao je Markovi\u0107.<\/p>\n<p>NAJDUGOVE\u010cNIJA KOALICIJA<\/p>\n<p>Na republi\u010dkom nivou je najdugove\u010dnija koalicija na srpskoj politi\u010dkoj sceni Ivica Da\u010di\u0107 \u2013 Socijalisti\u010dka partija Srbije \u2013 Jedinstvena Srbija \u2013 Dragan Markovi\u0107 Palma pod rednim brojem 2. \u0160ta je radio Ivica Da\u010di\u0107 ? Da li mo\u017eete da se setite nekog ministra u poslednjih 20 godina ko je toliko dr\u017eava obi\u0161ao, a u povratku kada podnosi izve\u0161taj ka\u017ee \u201cta i ta dr\u017eava je povukla jednostrano progla\u0161enu nezavisnost takozvanog Kosova i tako 18 puta\u201d.\u00a0\u00a0Ja ne znam nijednog takvog, a dugo sam u politici. I ti me\u0111unarodni odnosi nikada nisu bili bolji, a to ose\u0107a i grad Jagodina. Dolazi nam nema\u010dki investitor, kompanija Fi\u0161er koja \u0107e zaposliti 300 radnika i proizvodi auspuhe za BMW i njihov gazda kada je bio u Jagodini rekao je \u201ddolazim u grad koji se brzo razvija u ekonomskom, sportskom i kulturnom smislu i koji vodi ra\u010duna o svim svojim gra\u0111anima\u201d. U narednih 15 \u2013 ak dana kamen temeljac polo\u017ei\u0107e austrijski \u0160IDEL koji prozivodi ma\u0161ine za te\u0161ku industriju i zaposli\u0107e 100 radnika\u201d, kazao je Markovi\u0107.<\/p>\n<p>VI\u0160E NE\u0106EMO PUNITI BUD\u017dET MILA \u0110UKANOVI\u0106A<\/p>\n<p>\u201cMilo \u0110ukanovi\u0107 kr\u0161i sve me\u0111unarodne norme jedne me\u0111unarodne priznate dr\u017eave koja se zove Srbija. To je jedno. A drugo, mi smo Srbi napravili tu Crnu Goru, a on sada zabranjuje Srbima da idu u Crnu Goru. Kada smo doneli odluku da u\u010denici iz Jagodine koji zavr\u0161e 4. i 8. razred osnovne \u0161kole vi\u0161e ne idu na letovanje u Crnu Goru o tro\u0161ku jagodinske lokalne samouprave kao poslednjih 15 godina, ve\u0107 u Gr\u010dku, rekao sam da vi\u0161e ne\u0107emo puniti bud\u017eet Mila \u0110ukanovi\u0107a, koji \u0161utira Srbe u Crnoj Gori i otima imovinu Srpske pravoslavne crkve\u201d, izjavio je predsednik Jedinstvene Srbije.<\/p>\n","protected":false},"excerpt":{"rendered":"<p>JAGODINA- Na lokalnim izborima u Jagodini pod rednim brojem 1 je lista pod nazovom \u201cDragan Markovi\u0107 Palma \u2013 Jedinstvena Srbija \u2013 Ivica Da\u010di\u0107 \u2013 Socijalisti\u010dka &hellip; <\/p>\n","protected":false},"author":2,"featured_media":24123,"comment_status":"open","ping_status":"open","sticky":false,"template":"","format":"standard","meta":{"footnotes":""},"categories":[1524,2,1514,13,12],"tags":[643,1643,4670,120],"_links":{"self":[{"href":"https:\/\/centralmedia.rs\/index.php\/wp-json\/wp\/v2\/posts\/24122"}],"collection":[{"href":"https:\/\/centralmedia.rs\/index.php\/wp-json\/wp\/v2\/posts"}],"about":[{"href":"https:\/\/centralmedia.rs\/index.php\/wp-json\/wp\/v2\/types\/post"}],"author":[{"embeddable":true,"href":"https:\/\/centralmedia.rs\/index.php\/wp-json\/wp\/v2\/users\/2"}],"replies":[{"embeddable":true,"href":"https:\/\/centralmedia.rs\/index.php\/wp-json\/wp\/v2\/comments?post=24122"}],"version-history":[{"count":1,"href":"https:\/\/centralmedia.rs\/index.php\/wp-json\/wp\/v2\/posts\/24122\/revisions"}],"predecessor-version":[{"id":24124,"href":"https:\/\/centralmedia.rs\/index.php\/wp-json\/wp\/v2\/posts\/24122\/revisions\/24124"}],"wp:featuredmedia":[{"embeddable":true,"href":"https:\/\/centralmedia.rs\/index.php\/wp-json\/wp\/v2\/media\/24123"}],"wp:attachment":[{"href":"https:\/\/centralmedia.rs\/index.php\/wp-json\/wp\/v2\/media?parent=24122"}],"wp:term":[{"taxonomy":"category","embeddable":true,"href":"https:\/\/centralmedia.rs\/index.php\/wp-json\/wp\/v2\/categories?post=24122"},{"taxonomy":"post_tag","embeddable":true,"href":"https:\/\/centralmedia.rs\/index.php\/wp-json\/wp\/v2\/tags?post=24122"}],"curies":[{"name":"wp","href":"https:\/\/api.w.org\/{rel}","templated":true}]}}