{"id":24136,"date":"2020-06-01T13:29:22","date_gmt":"2020-06-01T13:29:22","guid":{"rendered":"http:\/\/centralmedia.rs\/?p=24136"},"modified":"2020-06-05T10:58:09","modified_gmt":"2020-06-05T10:58:09","slug":"poceo-ovogodisnji-program-strucne-prakse-za-15-prirpavnika-u-svilajncu","status":"publish","type":"post","link":"https:\/\/centralmedia.rs\/index.php\/2020\/06\/01\/poceo-ovogodisnji-program-strucne-prakse-za-15-prirpavnika-u-svilajncu\/","title":{"rendered":"PO\u010cEO OVOGODI\u0160NJI PROGRAM STRU\u010cNE PRAKSE ZA 15 PRIRPAVNIKA U SVILAJNCU"},"content":{"rendered":"<p>SVILAJNAC- Osim \u0161to ula\u017ee u nauku i obrazovanje, op\u0161tina Svilajnac ve\u0107 10 godina veliku podr\u0161ku pru\u017ea i mladim, obrazovanim ljudima kojima daje \u0161ansu da se zaposle i doprinesu svom gradu kroz program obavljanja stru\u010dne prakse. Predsednik op\u0161tine Svilajnac Predrag Milanovi\u0107 sve\u010dano je uru\u010dio Ugovore o obavljanju stru\u010dne prakse za 15 ovogodi\u0161njih pripravnika, koji su od danas na svojim novim radnima mestima.<br \/>\n-Ponosan sam na to \u0161to\u00a0je u proteklih 10 godina blizu 200 mladih ljudi dobilo stru\u010dnu praksu ali i prvu \u0161ansu za zaposlenje. Ono \u0161to je bitno da naglasim je da niko od njih nije zaposlen zato jer je bio deo neke politi\u010dke opcije, i da to ni u budu\u0107e ne\u0107e biti praksa. Ti mladi ljudi su budu\u0107nost Svilajnca, mnogi od njih sada rade na odgovornim i va\u017enim radnim mestima, a po\u010deli su preko ovog programa, rekao je Milanovi\u0107.<br \/>\nProgram stru\u010dne prakse namenjen je nezaposlenim licima sa najmanje \u010detvorogodi\u0161njim visokim obrazovanjem. Ovaj program traje 12 meseci, a njegovu realizaciju finansira op\u0161tina Svilajnac, uz tehni\u010dku podr\u0161ku Nacionalne slu\u017ebe za zapo\u0161ljavanje.<\/p>\n<div id='gallery-1' class='gallery galleryid-24136 gallery-columns-5 gallery-size-thumbnail'><figure class='gallery-item'>\n\t\t\t<div class='gallery-icon landscape'>\n\t\t\t\t<a href='https:\/\/centralmedia.rs\/index.php\/2020\/06\/01\/poceo-ovogodisnji-program-strucne-prakse-za-15-prirpavnika-u-svilajncu\/pripravnici-2\/'><img loading=\"lazy\" decoding=\"async\" width=\"150\" height=\"150\" src=\"https:\/\/centralmedia.rs\/wp-content\/uploads\/2020\/06\/pripravnici-150x150.jpg\" class=\"attachment-thumbnail size-thumbnail\" alt=\"\" \/><\/a>\n\t\t\t<\/div><\/figure><figure class='gallery-item'>\n\t\t\t<div class='gallery-icon landscape'>\n\t\t\t\t<a href='https:\/\/centralmedia.rs\/index.php\/2020\/06\/01\/poceo-ovogodisnji-program-strucne-prakse-za-15-prirpavnika-u-svilajncu\/pripravnici1\/'><img loading=\"lazy\" decoding=\"async\" width=\"150\" height=\"150\" src=\"https:\/\/centralmedia.rs\/wp-content\/uploads\/2020\/06\/pripravnici1-150x150.jpg\" class=\"attachment-thumbnail size-thumbnail\" alt=\"\" \/><\/a>\n\t\t\t<\/div><\/figure><figure class='gallery-item'>\n\t\t\t<div class='gallery-icon landscape'>\n\t\t\t\t<a href='https:\/\/centralmedia.rs\/index.php\/2020\/06\/01\/poceo-ovogodisnji-program-strucne-prakse-za-15-prirpavnika-u-svilajncu\/pripravnici2\/'><img loading=\"lazy\" decoding=\"async\" width=\"150\" height=\"150\" src=\"https:\/\/centralmedia.rs\/wp-content\/uploads\/2020\/06\/pripravnici2-150x150.jpg\" class=\"attachment-thumbnail size-thumbnail\" alt=\"\" \/><\/a>\n\t\t\t<\/div><\/figure><figure class='gallery-item'>\n\t\t\t<div class='gallery-icon landscape'>\n\t\t\t\t<a href='https:\/\/centralmedia.rs\/index.php\/2020\/06\/01\/poceo-ovogodisnji-program-strucne-prakse-za-15-prirpavnika-u-svilajncu\/pripravnici3\/'><img loading=\"lazy\" decoding=\"async\" width=\"150\" height=\"150\" src=\"https:\/\/centralmedia.rs\/wp-content\/uploads\/2020\/06\/pripravnici3-150x150.jpg\" class=\"attachment-thumbnail size-thumbnail\" alt=\"\" \/><\/a>\n\t\t\t<\/div><\/figure><figure class='gallery-item'>\n\t\t\t<div class='gallery-icon landscape'>\n\t\t\t\t<a href='https:\/\/centralmedia.rs\/index.php\/2020\/06\/01\/poceo-ovogodisnji-program-strucne-prakse-za-15-prirpavnika-u-svilajncu\/pripravnici4\/'><img loading=\"lazy\" decoding=\"async\" width=\"150\" height=\"150\" src=\"https:\/\/centralmedia.rs\/wp-content\/uploads\/2020\/06\/pripravnici4-150x150.jpg\" class=\"attachment-thumbnail size-thumbnail\" alt=\"\" \/><\/a>\n\t\t\t<\/div><\/figure>\n\t\t<\/div>\n\n","protected":false},"excerpt":{"rendered":"<p>SVILAJNAC- Osim \u0161to ula\u017ee u nauku i obrazovanje, op\u0161tina Svilajnac ve\u0107 10 godina veliku podr\u0161ku pru\u017ea i mladim, obrazovanim ljudima kojima daje \u0161ansu da se &hellip; <\/p>\n","protected":false},"author":2,"featured_media":24137,"comment_status":"open","ping_status":"open","sticky":false,"template":"","format":"standard","meta":{"footnotes":""},"categories":[14,1524,2,887,12,1517],"tags":[4675,4674,38],"_links":{"self":[{"href":"https:\/\/centralmedia.rs\/index.php\/wp-json\/wp\/v2\/posts\/24136"}],"collection":[{"href":"https:\/\/centralmedia.rs\/index.php\/wp-json\/wp\/v2\/posts"}],"about":[{"href":"https:\/\/centralmedia.rs\/index.php\/wp-json\/wp\/v2\/types\/post"}],"author":[{"embeddable":true,"href":"https:\/\/centralmedia.rs\/index.php\/wp-json\/wp\/v2\/users\/2"}],"replies":[{"embeddable":true,"href":"https:\/\/centralmedia.rs\/index.php\/wp-json\/wp\/v2\/comments?post=24136"}],"version-history":[{"count":1,"href":"https:\/\/centralmedia.rs\/index.php\/wp-json\/wp\/v2\/posts\/24136\/revisions"}],"predecessor-version":[{"id":24142,"href":"https:\/\/centralmedia.rs\/index.php\/wp-json\/wp\/v2\/posts\/24136\/revisions\/24142"}],"wp:featuredmedia":[{"embeddable":true,"href":"https:\/\/centralmedia.rs\/index.php\/wp-json\/wp\/v2\/media\/24137"}],"wp:attachment":[{"href":"https:\/\/centralmedia.rs\/index.php\/wp-json\/wp\/v2\/media?parent=24136"}],"wp:term":[{"taxonomy":"category","embeddable":true,"href":"https:\/\/centralmedia.rs\/index.php\/wp-json\/wp\/v2\/categories?post=24136"},{"taxonomy":"post_tag","embeddable":true,"href":"https:\/\/centralmedia.rs\/index.php\/wp-json\/wp\/v2\/tags?post=24136"}],"curies":[{"name":"wp","href":"https:\/\/api.w.org\/{rel}","templated":true}]}}