{"id":24150,"date":"2020-06-02T13:20:09","date_gmt":"2020-06-02T13:20:09","guid":{"rendered":"http:\/\/centralmedia.rs\/?p=24150"},"modified":"2020-06-05T10:58:37","modified_gmt":"2020-06-05T10:58:37","slug":"palma-buducnost-je-sa-proverenim-ljudima-sa-rezultatima","status":"publish","type":"post","link":"https:\/\/centralmedia.rs\/index.php\/2020\/06\/02\/palma-buducnost-je-sa-proverenim-ljudima-sa-rezultatima\/","title":{"rendered":"PALMA : BUDU\u0106NOST JE SA PROVERENIM LJUDIMA SA REZULTATIMA"},"content":{"rendered":"<p>JAGODINA- Tim koji predvodi Dragan Markovi\u0107 Palma nastavio je predizbornu kampanju u Jagodini, podno\u0161enjem izve\u0161taja o radu i planovima za naredni period, tribinama u domovima kulture u jagodinskim selima Donji Ra\u010dnik, Milo\u0161evo, Bagrdan, Lovci i Stri\u017eilo.<\/p>\n<p>-Do na\u0161eg dolaska na vlast 2004. godine, u Jagodini je ostalo bez posla 10.000 radnika i prakti\u010dno su nestale kompanije kao \u0161to su Fabrika kablova, Morava, Resava, Palas, Budu\u0107nost, Minel i ostale. Mi smo uspeli da ponovo zaposlimo ljude i jagodinska privreda poslednje \u010detiri godine bele\u017ei suficit, koji je samo pro\u0161le godine iznosio blizu 8.000.000 dolara, a sve fabrike koje su strani investitori otvorili u Jagodini pro\u0161irli su svoje kapacitete za nekoliko hiljada kvadrata i pove\u0107ali broj radnika. Tako da mi nemamo razloga da brinemo za budu\u0107nost, poru\u010dio je Palma.<\/p>\n<div id='gallery-1' class='gallery galleryid-24150 gallery-columns-3 gallery-size-full'><figure class='gallery-item'>\n\t\t\t<div class='gallery-icon landscape'>\n\t\t\t\t<a href='https:\/\/centralmedia.rs\/index.php\/2020\/06\/02\/palma-buducnost-je-sa-proverenim-ljudima-sa-rezultatima\/palma-sela-2\/'><img loading=\"lazy\" decoding=\"async\" width=\"960\" height=\"491\" src=\"https:\/\/centralmedia.rs\/wp-content\/uploads\/2020\/06\/palma-sela-2.jpg\" class=\"attachment-full size-full\" alt=\"\" srcset=\"https:\/\/centralmedia.rs\/wp-content\/uploads\/2020\/06\/palma-sela-2.jpg 960w, https:\/\/centralmedia.rs\/wp-content\/uploads\/2020\/06\/palma-sela-2-300x153.jpg 300w, https:\/\/centralmedia.rs\/wp-content\/uploads\/2020\/06\/palma-sela-2-768x393.jpg 768w, https:\/\/centralmedia.rs\/wp-content\/uploads\/2020\/06\/palma-sela-2-821x420.jpg 821w, https:\/\/centralmedia.rs\/wp-content\/uploads\/2020\/06\/palma-sela-2-640x327.jpg 640w, https:\/\/centralmedia.rs\/wp-content\/uploads\/2020\/06\/palma-sela-2-681x348.jpg 681w\" sizes=\"(max-width: 960px) 100vw, 960px\" \/><\/a>\n\t\t\t<\/div><\/figure><figure class='gallery-item'>\n\t\t\t<div class='gallery-icon landscape'>\n\t\t\t\t<a href='https:\/\/centralmedia.rs\/index.php\/2020\/06\/02\/palma-buducnost-je-sa-proverenim-ljudima-sa-rezultatima\/palma-sela1\/'><img loading=\"lazy\" decoding=\"async\" width=\"960\" height=\"611\" src=\"https:\/\/centralmedia.rs\/wp-content\/uploads\/2020\/06\/palma-sela1.jpg\" class=\"attachment-full size-full\" alt=\"\" srcset=\"https:\/\/centralmedia.rs\/wp-content\/uploads\/2020\/06\/palma-sela1.jpg 960w, https:\/\/centralmedia.rs\/wp-content\/uploads\/2020\/06\/palma-sela1-300x191.jpg 300w, https:\/\/centralmedia.rs\/wp-content\/uploads\/2020\/06\/palma-sela1-768x489.jpg 768w, https:\/\/centralmedia.rs\/wp-content\/uploads\/2020\/06\/palma-sela1-660x420.jpg 660w, https:\/\/centralmedia.rs\/wp-content\/uploads\/2020\/06\/palma-sela1-640x407.jpg 640w, https:\/\/centralmedia.rs\/wp-content\/uploads\/2020\/06\/palma-sela1-681x433.jpg 681w\" sizes=\"(max-width: 960px) 100vw, 960px\" \/><\/a>\n\t\t\t<\/div><\/figure><figure class='gallery-item'>\n\t\t\t<div class='gallery-icon landscape'>\n\t\t\t\t<a href='https:\/\/centralmedia.rs\/index.php\/2020\/06\/02\/palma-buducnost-je-sa-proverenim-ljudima-sa-rezultatima\/palma-sela\/'><img loading=\"lazy\" decoding=\"async\" width=\"960\" height=\"526\" src=\"https:\/\/centralmedia.rs\/wp-content\/uploads\/2020\/06\/palma-sela.jpg\" class=\"attachment-full size-full\" alt=\"\" srcset=\"https:\/\/centralmedia.rs\/wp-content\/uploads\/2020\/06\/palma-sela.jpg 960w, https:\/\/centralmedia.rs\/wp-content\/uploads\/2020\/06\/palma-sela-300x164.jpg 300w, https:\/\/centralmedia.rs\/wp-content\/uploads\/2020\/06\/palma-sela-768x421.jpg 768w, https:\/\/centralmedia.rs\/wp-content\/uploads\/2020\/06\/palma-sela-767x420.jpg 767w, https:\/\/centralmedia.rs\/wp-content\/uploads\/2020\/06\/palma-sela-640x350.jpg 640w, https:\/\/centralmedia.rs\/wp-content\/uploads\/2020\/06\/palma-sela-681x373.jpg 681w\" sizes=\"(max-width: 960px) 100vw, 960px\" \/><\/a>\n\t\t\t<\/div><\/figure>\n\t\t<\/div>\n\n<p>-Meni ne trebaju visoke funkcije da bi radio za gra\u0111ane Srbije. Ja ho\u0107u da pomognem sa mojim iskustvom i onim \u0161to znam i nikada se ne\u0107u boriti za funkcije, ali \u0107u se boriti za svakog \u010doveka u Srbiji. Danas je veoma va\u017ena re\u010d, odnosno kada ne\u0161to ka\u017ee\u0161 i obe\u0107a\u0161, to mora\u0161 i da ispo\u0161tuje\u0161 i to je moja i poslovna i politi\u010dka deviza. Ja pozivam gra\u0111ane da na izborima glasaju za proverene ljude sa rezultatima, sa delima, jer u njima je budu\u0107nost. Ivica Da\u010di\u0107 je uspeo da znatno pobolj\u0161a me\u0111unarodnu poziciju Srbije. Da\u010di\u0107 je svima pokazao u svetu na svom primeru kako razmi\u0161lja i izgleda jedan Srbin i slu\u017ebeno i dru\u0161tveno i da odgovori kada treba, a i da peva. Za takve ljude treba glasate\u201c, rekao je Markovi\u0107.<\/p>\n<p>SRPSKO KOLO<\/p>\n<p>\u201eSrpsko kolo je u\u0161lo u UNESKO kao deo na\u0161e kulturne nematerijalne ba\u0161tine. I zato je bitno da u \u0161to vi\u0161e gradova i sela u Srbiji ima kulturno umetni\u010dkih dru\u0161tava. Jagodina je redak primer gde smo u gotovo svim selima, a ima ih 52, sagradili nove domove kulture i stvorili uslove za bavljenje kulturom i o\u010duvanjem tradicije. Gotovo svako jagodinsko selo ima i kulturno umetni\u010dko dru\u0161tvo i mi po\u0161tujemo te mlade ljude koji izdvajaju dva do tri dana nedeljno da ve\u017ebaju tako \u0161to im lokalna samouprava obezbe\u0111uje narodnu no\u0161nju i sve uslove za rad, a ve\u0107ina njih je vi\u0161e puta sa na\u0161im delegacijama putovala u inostranstvo gde su prezentovali srpsku narodnu igru\u201c, izjavio je Markovi\u0107.<\/p>\n","protected":false},"excerpt":{"rendered":"<p>JAGODINA- Tim koji predvodi Dragan Markovi\u0107 Palma nastavio je predizbornu kampanju u Jagodini, podno\u0161enjem izve\u0161taja o radu i planovima za naredni period, tribinama u domovima &hellip; <\/p>\n","protected":false},"author":2,"featured_media":24151,"comment_status":"open","ping_status":"open","sticky":false,"template":"","format":"standard","meta":{"footnotes":""},"categories":[1524,2,1514,13,12],"tags":[58,120,909],"_links":{"self":[{"href":"https:\/\/centralmedia.rs\/index.php\/wp-json\/wp\/v2\/posts\/24150"}],"collection":[{"href":"https:\/\/centralmedia.rs\/index.php\/wp-json\/wp\/v2\/posts"}],"about":[{"href":"https:\/\/centralmedia.rs\/index.php\/wp-json\/wp\/v2\/types\/post"}],"author":[{"embeddable":true,"href":"https:\/\/centralmedia.rs\/index.php\/wp-json\/wp\/v2\/users\/2"}],"replies":[{"embeddable":true,"href":"https:\/\/centralmedia.rs\/index.php\/wp-json\/wp\/v2\/comments?post=24150"}],"version-history":[{"count":1,"href":"https:\/\/centralmedia.rs\/index.php\/wp-json\/wp\/v2\/posts\/24150\/revisions"}],"predecessor-version":[{"id":24154,"href":"https:\/\/centralmedia.rs\/index.php\/wp-json\/wp\/v2\/posts\/24150\/revisions\/24154"}],"wp:featuredmedia":[{"embeddable":true,"href":"https:\/\/centralmedia.rs\/index.php\/wp-json\/wp\/v2\/media\/24151"}],"wp:attachment":[{"href":"https:\/\/centralmedia.rs\/index.php\/wp-json\/wp\/v2\/media?parent=24150"}],"wp:term":[{"taxonomy":"category","embeddable":true,"href":"https:\/\/centralmedia.rs\/index.php\/wp-json\/wp\/v2\/categories?post=24150"},{"taxonomy":"post_tag","embeddable":true,"href":"https:\/\/centralmedia.rs\/index.php\/wp-json\/wp\/v2\/tags?post=24150"}],"curies":[{"name":"wp","href":"https:\/\/api.w.org\/{rel}","templated":true}]}}