{"id":24230,"date":"2020-06-05T09:26:16","date_gmt":"2020-06-05T09:26:16","guid":{"rendered":"http:\/\/centralmedia.rs\/?p=24230"},"modified":"2020-06-07T23:19:26","modified_gmt":"2020-06-07T23:19:26","slug":"izgradnja-ulice-u-stubici","status":"publish","type":"post","link":"https:\/\/centralmedia.rs\/index.php\/2020\/06\/05\/izgradnja-ulice-u-stubici\/","title":{"rendered":"IZGRADNJA ULICE U STUBICI"},"content":{"rendered":"<p>PARA\u0106IN- U toku je izgradnja jo\u0161 jedne ulice u Stubici kod Para\u0107ina, priprema se podloga za postavljanje asfalta. Po ovogodi\u0161njem Programu izgradnje 30 ulica u 20 sela para\u0107inske op\u0161tine, u Stubici se izvode radovi pred asfaltiranje saobra\u0107ajnice, \u010dija je izgradnja dogovorena sa me\u0161tanima.<\/p>\n<div id='gallery-1' class='gallery galleryid-24230 gallery-columns-3 gallery-size-full'><figure class='gallery-item'>\n\t\t\t<div class='gallery-icon landscape'>\n\t\t\t\t<a href='https:\/\/centralmedia.rs\/index.php\/2020\/06\/05\/izgradnja-ulice-u-stubici\/stubica-2\/'><img loading=\"lazy\" decoding=\"async\" width=\"1312\" height=\"640\" src=\"https:\/\/centralmedia.rs\/wp-content\/uploads\/2020\/06\/STUBICA.jpg\" class=\"attachment-full size-full\" alt=\"\" srcset=\"https:\/\/centralmedia.rs\/wp-content\/uploads\/2020\/06\/STUBICA.jpg 1312w, https:\/\/centralmedia.rs\/wp-content\/uploads\/2020\/06\/STUBICA-300x146.jpg 300w, https:\/\/centralmedia.rs\/wp-content\/uploads\/2020\/06\/STUBICA-768x375.jpg 768w, https:\/\/centralmedia.rs\/wp-content\/uploads\/2020\/06\/STUBICA-1024x500.jpg 1024w, https:\/\/centralmedia.rs\/wp-content\/uploads\/2020\/06\/STUBICA-861x420.jpg 861w, https:\/\/centralmedia.rs\/wp-content\/uploads\/2020\/06\/STUBICA-640x312.jpg 640w, https:\/\/centralmedia.rs\/wp-content\/uploads\/2020\/06\/STUBICA-681x332.jpg 681w\" sizes=\"(max-width: 1312px) 100vw, 1312px\" \/><\/a>\n\t\t\t<\/div><\/figure><figure class='gallery-item'>\n\t\t\t<div class='gallery-icon landscape'>\n\t\t\t\t<a href='https:\/\/centralmedia.rs\/index.php\/2020\/06\/05\/izgradnja-ulice-u-stubici\/stubica1-2\/'><img loading=\"lazy\" decoding=\"async\" width=\"2048\" height=\"1152\" src=\"https:\/\/centralmedia.rs\/wp-content\/uploads\/2020\/06\/STUBICA1.jpg\" class=\"attachment-full size-full\" alt=\"\" srcset=\"https:\/\/centralmedia.rs\/wp-content\/uploads\/2020\/06\/STUBICA1.jpg 2048w, https:\/\/centralmedia.rs\/wp-content\/uploads\/2020\/06\/STUBICA1-300x169.jpg 300w, https:\/\/centralmedia.rs\/wp-content\/uploads\/2020\/06\/STUBICA1-768x432.jpg 768w, https:\/\/centralmedia.rs\/wp-content\/uploads\/2020\/06\/STUBICA1-1024x576.jpg 1024w, https:\/\/centralmedia.rs\/wp-content\/uploads\/2020\/06\/STUBICA1-747x420.jpg 747w, https:\/\/centralmedia.rs\/wp-content\/uploads\/2020\/06\/STUBICA1-640x360.jpg 640w, https:\/\/centralmedia.rs\/wp-content\/uploads\/2020\/06\/STUBICA1-681x383.jpg 681w\" sizes=\"(max-width: 2048px) 100vw, 2048px\" \/><\/a>\n\t\t\t<\/div><\/figure><figure class='gallery-item'>\n\t\t\t<div class='gallery-icon landscape'>\n\t\t\t\t<a href='https:\/\/centralmedia.rs\/index.php\/2020\/06\/05\/izgradnja-ulice-u-stubici\/stubica2-2\/'><img loading=\"lazy\" decoding=\"async\" width=\"2048\" height=\"1152\" src=\"https:\/\/centralmedia.rs\/wp-content\/uploads\/2020\/06\/STUBICA2.jpg\" class=\"attachment-full size-full\" alt=\"\" srcset=\"https:\/\/centralmedia.rs\/wp-content\/uploads\/2020\/06\/STUBICA2.jpg 2048w, https:\/\/centralmedia.rs\/wp-content\/uploads\/2020\/06\/STUBICA2-300x169.jpg 300w, https:\/\/centralmedia.rs\/wp-content\/uploads\/2020\/06\/STUBICA2-768x432.jpg 768w, https:\/\/centralmedia.rs\/wp-content\/uploads\/2020\/06\/STUBICA2-1024x576.jpg 1024w, https:\/\/centralmedia.rs\/wp-content\/uploads\/2020\/06\/STUBICA2-747x420.jpg 747w, https:\/\/centralmedia.rs\/wp-content\/uploads\/2020\/06\/STUBICA2-640x360.jpg 640w, https:\/\/centralmedia.rs\/wp-content\/uploads\/2020\/06\/STUBICA2-681x383.jpg 681w\" sizes=\"(max-width: 2048px) 100vw, 2048px\" \/><\/a>\n\t\t\t<\/div><\/figure>\n\t\t<\/div>\n\n<p>-U proteklom periodu asfatirano je vi\u0161e ulica nego u proteklih 75 godina. Prakti\u010dno smo asfaltirali vi\u0161e od tre\u0107ine ulica, a predhodno je, do 2000. godine, jedna tre\u0107ina ulica u selima imala asfalt. O\u010dekujem da za 4 godine 90 odsto stanovnika u selima dobije asfalt ispred svojih ku\u0107a. To \u0107e biti na\u0161 doprinos unapre\u0111enju uslova \u017eivota u seoskim mesnim zajednicama, rekao je predsednik te op\u0161tine Sa\u0161a Paunovi\u0107.<\/p>\n<p>Osim u selima, plan op\u0161tine Para\u0107in je da, ove godine, u gradu i prigradskim naseljima rekonstrui\u0161e, odnosno, izgradi 50 ulica.<\/p>\n","protected":false},"excerpt":{"rendered":"<p>PARA\u0106IN- U toku je izgradnja jo\u0161 jedne ulice u Stubici kod Para\u0107ina, priprema se podloga za postavljanje asfalta. Po ovogodi\u0161njem Programu izgradnje 30 ulica u &hellip; <\/p>\n","protected":false},"author":2,"featured_media":24231,"comment_status":"open","ping_status":"open","sticky":false,"template":"","format":"standard","meta":{"footnotes":""},"categories":[1524,2,1516,887,16,12],"tags":[156,4690,3842],"_links":{"self":[{"href":"https:\/\/centralmedia.rs\/index.php\/wp-json\/wp\/v2\/posts\/24230"}],"collection":[{"href":"https:\/\/centralmedia.rs\/index.php\/wp-json\/wp\/v2\/posts"}],"about":[{"href":"https:\/\/centralmedia.rs\/index.php\/wp-json\/wp\/v2\/types\/post"}],"author":[{"embeddable":true,"href":"https:\/\/centralmedia.rs\/index.php\/wp-json\/wp\/v2\/users\/2"}],"replies":[{"embeddable":true,"href":"https:\/\/centralmedia.rs\/index.php\/wp-json\/wp\/v2\/comments?post=24230"}],"version-history":[{"count":1,"href":"https:\/\/centralmedia.rs\/index.php\/wp-json\/wp\/v2\/posts\/24230\/revisions"}],"predecessor-version":[{"id":24235,"href":"https:\/\/centralmedia.rs\/index.php\/wp-json\/wp\/v2\/posts\/24230\/revisions\/24235"}],"wp:featuredmedia":[{"embeddable":true,"href":"https:\/\/centralmedia.rs\/index.php\/wp-json\/wp\/v2\/media\/24231"}],"wp:attachment":[{"href":"https:\/\/centralmedia.rs\/index.php\/wp-json\/wp\/v2\/media?parent=24230"}],"wp:term":[{"taxonomy":"category","embeddable":true,"href":"https:\/\/centralmedia.rs\/index.php\/wp-json\/wp\/v2\/categories?post=24230"},{"taxonomy":"post_tag","embeddable":true,"href":"https:\/\/centralmedia.rs\/index.php\/wp-json\/wp\/v2\/tags?post=24230"}],"curies":[{"name":"wp","href":"https:\/\/api.w.org\/{rel}","templated":true}]}}