{"id":24249,"date":"2020-06-07T22:08:48","date_gmt":"2020-06-07T22:08:48","guid":{"rendered":"http:\/\/centralmedia.rs\/?p=24249"},"modified":"2020-06-07T23:20:01","modified_gmt":"2020-06-07T23:20:01","slug":"palma-nikada-necemo-dici-ruku-za-nesto-sto-je-protivno-srpskoj-tradiciji-i-kulturi","status":"publish","type":"post","link":"https:\/\/centralmedia.rs\/index.php\/2020\/06\/07\/palma-nikada-necemo-dici-ruku-za-nesto-sto-je-protivno-srpskoj-tradiciji-i-kulturi\/","title":{"rendered":"PALMA : NIKADA NE\u0106EMO DI\u0106I RUKU ZA NE\u0160TO \u0160TO JE PROTIVNO SRPSKOJ TRADICIJI I KULTURI"},"content":{"rendered":"<p>JAGODINA- Povodom obele\u017eavanja Svete Trojice u Kon\u010darevu kraj Jagodine tradicionalno su odr\u017eane litije pored hrasta starog 200 godina. Ove godine kola\u010dar je bio Dragan Markovi\u0107 Palma sa porodicom. \u201cTradicija litija u Kon\u010darevu je stara 200 godina koliko je star i ovaj hrast. Mi koji smo naslednici onih koji su pre dva veka zasadili ovaj hrast, moramo biti i njihovi sledbenici i da \u0161titimo Srpsku pravoslavnu veru. Neke evropske dr\u017eave ho\u0107e Srbiji da nametnu neke druge evropske vrednosti. Mi po\u0161tujemo evropske vrednosti kao \u0161to su standard i ljudska prava, ali Srbija nikada ne\u0107e prihvatiti one evropske vrednosti kojima bi srpski doma\u0107in i srpska porodica izgubili svoj identitet\u201d, izjavio je okupljenima na litiji u Kon\u010darevu, najpoznatiji me\u0161tanin tog jagodinskog sela, predsednik Jedinstvene Srbije, narodni poslanik i predsednik Skup\u0161tine grada Jagodine Dragan Markovi\u0107 Palma. \u201cVideli ste da je udar na Srpsku pravoslavnu crkvu u Crnoj Gori od strane aktuelne crnogorske vlasti potpomognute nekim velikim silama. To se nigde na svetu nije desilo. Pogledajte kakva prava u\u017eivaju sve nacionalne manjine i verske zajednice u Srbiji, a \u0161ta se de\u0161ava Srbima i Srpskoj pravoslavnoj crkvi u Crnoj Gori\u201d, rekao je Markvi\u0107. \u201cJa sam autenti\u010dni predstavnik srpskog doma\u0107ina. Bez srpske slave ne po\u0161tuje se porodica, ne po\u0161tuju se prijatelji, oni koji slave i oni koji idu na slavu. Ja sam ostao isti kakav sam bio pre i sa onim ljudima sa kojima sam se dru\u017eio pre, dru\u017eim se i danas. Po\u0161tujem svakog \u010doveka i svakog doma\u0107ina. Borimo se da \u0161to manje ljudi odlazi iz Srbije i ako uspemo u tome, onda \u0107e imati ko da nas nasledi. Mi moramo da krsnu slavu i na\u0161e obi\u010daje prenosimo na na\u0161u decu, na na\u0161e unuke i da srpska pravoslavna vera ve\u010dno traje. Mora da se po\u0161tuje i srpsko kolo i srpska narodna no\u0161nja. Nekada su neki govorili da je to selja\u010dko kada vide na\u0161eg \u0161umadinca, Srbina u narodnoj no\u0161nji. Ali i UNESKO je uvrstio srpsko kolo kao deo nematerijalne kulturne ba\u0161tine. I UNESKO nas je priznao i to nije selja\u010dko kako su govorili neki koji, hvala Bogu, vi\u0161e nemaju mo\u0107 kakvu su nekada imali. Svako dete u Srbiji ima pravo da izabere koju \u0107e muziku slu\u0161ati, ali bez Moravca nema svadbe i veselja\u201d, kazao je Markovi\u0107. \u201cNa Kosovu i Metohiji je mnogo srpskih crkava i manastira poru\u0161eno i Albanci \u017eele da otimaju na\u0161e svetinje. Ja \u017eelim da po\u0161aljem poruku Srbima koji \u017eive na Kosovu i Metohiji i onima koji su proterani sa Kosova i Metohije da mi, koji smo godinama u parlamentu Srbije, nikada ne\u0107emo glasati za nezavisno Kosovo, nikada ne\u0107emo podi\u0107i ruku za takav predlog. To vam garantujem. Iako je veliki pritisak na dr\u017eavu Srbiju i politi\u010dki i ekonomski preko raznoraznih taksi\u201d, poru\u010dio je Dragan Markovi\u0107 Palma.<\/p>\n<p>&nbsp;<\/p>\n","protected":false},"excerpt":{"rendered":"<p>JAGODINA- Povodom obele\u017eavanja Svete Trojice u Kon\u010darevu kraj Jagodine tradicionalno su odr\u017eane litije pored hrasta starog 200 godina. Ove godine kola\u010dar je bio Dragan Markovi\u0107 &hellip; <\/p>\n","protected":false},"author":2,"featured_media":24250,"comment_status":"open","ping_status":"open","sticky":false,"template":"","format":"standard","meta":{"footnotes":""},"categories":[14,1524,2,1514,12],"tags":[440,120,2000],"_links":{"self":[{"href":"https:\/\/centralmedia.rs\/index.php\/wp-json\/wp\/v2\/posts\/24249"}],"collection":[{"href":"https:\/\/centralmedia.rs\/index.php\/wp-json\/wp\/v2\/posts"}],"about":[{"href":"https:\/\/centralmedia.rs\/index.php\/wp-json\/wp\/v2\/types\/post"}],"author":[{"embeddable":true,"href":"https:\/\/centralmedia.rs\/index.php\/wp-json\/wp\/v2\/users\/2"}],"replies":[{"embeddable":true,"href":"https:\/\/centralmedia.rs\/index.php\/wp-json\/wp\/v2\/comments?post=24249"}],"version-history":[{"count":1,"href":"https:\/\/centralmedia.rs\/index.php\/wp-json\/wp\/v2\/posts\/24249\/revisions"}],"predecessor-version":[{"id":24251,"href":"https:\/\/centralmedia.rs\/index.php\/wp-json\/wp\/v2\/posts\/24249\/revisions\/24251"}],"wp:featuredmedia":[{"embeddable":true,"href":"https:\/\/centralmedia.rs\/index.php\/wp-json\/wp\/v2\/media\/24250"}],"wp:attachment":[{"href":"https:\/\/centralmedia.rs\/index.php\/wp-json\/wp\/v2\/media?parent=24249"}],"wp:term":[{"taxonomy":"category","embeddable":true,"href":"https:\/\/centralmedia.rs\/index.php\/wp-json\/wp\/v2\/categories?post=24249"},{"taxonomy":"post_tag","embeddable":true,"href":"https:\/\/centralmedia.rs\/index.php\/wp-json\/wp\/v2\/tags?post=24249"}],"curies":[{"name":"wp","href":"https:\/\/api.w.org\/{rel}","templated":true}]}}