{"id":24252,"date":"2020-06-07T22:16:32","date_gmt":"2020-06-07T22:16:32","guid":{"rendered":"http:\/\/centralmedia.rs\/?p=24252"},"modified":"2020-06-09T12:17:09","modified_gmt":"2020-06-09T12:17:09","slug":"komisija-specijalno-tuzilastvo-da-preuzme-slucaj-ubistva-milana-pantica","status":"publish","type":"post","link":"https:\/\/centralmedia.rs\/index.php\/2020\/06\/07\/komisija-specijalno-tuzilastvo-da-preuzme-slucaj-ubistva-milana-pantica\/","title":{"rendered":"Komisija: Specijalno tu\u017eila\u0161tvo da preuzme slu\u010daj ubistva Milana Panti\u0107a"},"content":{"rendered":"<p>JAGODINA- Komisija za istra\u017eivanje ubistava novinara i njen predsednik Veran Mati\u0107, podsetili su javnost da se 11. juna navr\u0161ava 19 godina otkako je u Jagodini ubijen Milan Panti\u0107, dopisnik Ve\u010dernjih novosti.<\/p>\n<p>Kako se navodi u saop\u0161tenju, Milanovi najbli\u017ei, novinari i javnost Srbije bezmalo dvadeset godina tra\u017ee pravdu za Milana Panti\u0107a, a pravde nema: ubistvo nije razre\u0161eno, ubice nisu li\u0161ene slobode, a nalogodavci su i dalje anonimni.<\/p>\n<p>&#8220;Komisija za istra\u017eivanje ubistava novinara preokrenula je pravac istrage o ovom zlo\u010dinu. Radna grupa Komisije na \u010delu sa Draganom Kecmanom, policijskim inspektorom \u010dijom zaslugom su rasvetljene okolnosti pod kojim je ubijen Slavko \u0106uruvija, do\u0161la je do krucijalnih novih saznanja o nalogodavcima i izvr\u0161iocima zlo\u010dina nad Milanom&#8221;, pi\u0161e u saop\u0161tenju.<\/p>\n<p>Komisija je istakla da \u0107e se 11.juna navr\u0161iti pune dve godine otkako su, na osnovu saznanja do kojih je proteklih godina do\u0161la, tra\u017ei da Specijalno tu\u017eila\u0161tvo za organizovani preuzme slu\u010daj Panti\u0107a i otvori slu\u017ebenu istragu. Zahtevu komisije pre dve godine se javno pridru\u017eilo i Udru\u017eenje novinara Srbije \u010diji je Milan Panti\u0107 bio \u010dlan.<\/p>\n<p>&#8220;No, Specijalno tu\u017eila\u0161tvo za organizovani kriminal dve godine ignori\u0161e zahtev da otvori istragu u slu\u010daju novinara za koga duboko verujemo da je ubijen zbog toga \u0161to je uporno istra\u017eivao sumnjive privatizacije u Jagodini i detaljno obave\u0161tavao javnost o svojim otkri\u0107ima&#8221;, navode oni.<\/p>\n<p>Specijalno tu\u017eila\u0161tvo, dodali su, du\u017eno je da javno objasni svoje ne\u010dinjenje i ravnodu\u0161nost prema ubistvu srpskog novinara.<\/p>\n<p>&#8220;Kolega Panti\u0107 je 2001. godine poverovao da je Srbija demokratska dr\u017eava u kojoj novinari smeju da rasvetljavaju okolnosti pod kojim se obavljaju va\u017eni dr\u017eavni poslovi, kao i da ukazuju na sumnjive rabote va\u017enih dr\u017eavnih funkcionera. Ta zabluda ga je ko\u0161tala \u017eivota. Jedini na\u010din da se odu\u017eimo po\u0161tenom i profesionalnom novinaru je da doka\u017eemo da je pravda, iako spora, dosti\u017ena&#8221;, stoji u saop\u0161tenju.<\/p>\n<p>Oni ka\u017eu i da policija i pravosudni organi u Jagodini nisu dorasli ovom zadatku.<\/p>\n<p>&#8220;Na\u0161a saznanja ukazuju da dugogodi\u0161nja istraga nije vo\u0111ena kako valja, da bitni materijalni dokazi nisu sa\u010duvani, da va\u017ene istra\u017ene radnje nisu obavljane, dok druge nisu na odgovaraju\u0107i na\u010din obra\u0111ene i dokumentovane&#8221;, isti\u010de se iz komisije.<\/p>\n<p>Ali, kako su rekli, zavera da se u\u0107utka Milan Panti\u0107, po svemu \u0161to je poznato, nije ni kovana u Jagodini, ve\u0107 u krugovima koji su odlu\u010divali o privatizacijama u Srbiji.<\/p>\n<p>&#8220;Ubistvo Milana Panti\u0107a je organizovani zlo\u010din za koji je, duboko smo uvereni, nadle\u017eno tu\u017eila\u0161tvo za organizovani zlo\u010din sa sedi\u0161tem u Beogradu. Ignorisanje te \u010dinjenice baca ru\u017eno svetlo na sve nas&#8221;, navodi se u saop\u0161tenju.<\/p>\n<p>Specijalno tu\u017eila\u0161tvo ne sme skr\u0161tenih ruku da \u010deka dvadesetu godi\u0161njicu ubistva Milana Panti\u0107a, zaklju\u010duje se u saop\u0161tenju.<\/p>\n","protected":false},"excerpt":{"rendered":"<p>JAGODINA- Komisija za istra\u017eivanje ubistava novinara i njen predsednik Veran Mati\u0107, podsetili su javnost da se 11. juna navr\u0161ava 19 godina otkako je u Jagodini &hellip; <\/p>\n","protected":false},"author":2,"featured_media":8280,"comment_status":"open","ping_status":"open","sticky":false,"template":"","format":"standard","meta":{"footnotes":""},"categories":[1524,20,2,1514,12],"tags":[58,4695,462,463],"_links":{"self":[{"href":"https:\/\/centralmedia.rs\/index.php\/wp-json\/wp\/v2\/posts\/24252"}],"collection":[{"href":"https:\/\/centralmedia.rs\/index.php\/wp-json\/wp\/v2\/posts"}],"about":[{"href":"https:\/\/centralmedia.rs\/index.php\/wp-json\/wp\/v2\/types\/post"}],"author":[{"embeddable":true,"href":"https:\/\/centralmedia.rs\/index.php\/wp-json\/wp\/v2\/users\/2"}],"replies":[{"embeddable":true,"href":"https:\/\/centralmedia.rs\/index.php\/wp-json\/wp\/v2\/comments?post=24252"}],"version-history":[{"count":1,"href":"https:\/\/centralmedia.rs\/index.php\/wp-json\/wp\/v2\/posts\/24252\/revisions"}],"predecessor-version":[{"id":24253,"href":"https:\/\/centralmedia.rs\/index.php\/wp-json\/wp\/v2\/posts\/24252\/revisions\/24253"}],"wp:featuredmedia":[{"embeddable":true,"href":"https:\/\/centralmedia.rs\/index.php\/wp-json\/wp\/v2\/media\/8280"}],"wp:attachment":[{"href":"https:\/\/centralmedia.rs\/index.php\/wp-json\/wp\/v2\/media?parent=24252"}],"wp:term":[{"taxonomy":"category","embeddable":true,"href":"https:\/\/centralmedia.rs\/index.php\/wp-json\/wp\/v2\/categories?post=24252"},{"taxonomy":"post_tag","embeddable":true,"href":"https:\/\/centralmedia.rs\/index.php\/wp-json\/wp\/v2\/tags?post=24252"}],"curies":[{"name":"wp","href":"https:\/\/api.w.org\/{rel}","templated":true}]}}