{"id":24279,"date":"2020-06-09T13:31:54","date_gmt":"2020-06-09T13:31:54","guid":{"rendered":"http:\/\/centralmedia.rs\/?p=24279"},"modified":"2020-06-13T21:52:41","modified_gmt":"2020-06-13T21:52:41","slug":"ostvarenje-dvanestogodisnjeg-sna-u-svilajncu-iz-skolskih-klupa-u-savremene-proizvodne-pogone","status":"publish","type":"post","link":"https:\/\/centralmedia.rs\/index.php\/2020\/06\/09\/ostvarenje-dvanestogodisnjeg-sna-u-svilajncu-iz-skolskih-klupa-u-savremene-proizvodne-pogone\/","title":{"rendered":"OSTVARENJE DVANAESTOGODI\u0160NJEG SNA U SVILAJNCU &#8211; IZ \u0160KOLSKIH KLUPA U SAVREMENE PROIZVODNE POGONE"},"content":{"rendered":"<p>SVILAJNAC- Ovo je ostvarenje dvanaestogodi\u0161njeg sna i napornog rada, posle mature danas su u\u010denici Srednje \u0161kole u Svilajncu potpisali ugovore o radu i po\u010dinju samostalni \u017eivot. To se nikada nije dogodilo u privredi Srbije, sem polaznika vojnih i policijski \u0161kola, rekao je predsednik te op\u0161tine Predrag Milanovi\u0107. U protekle 3 godine 30 u\u010denika sa smerova industrijski mehani\u010dar i bravar zavariva\u010d je u 6 privatnih i dr\u017eavnih preduze\u0107a obavljalo praksu. Privatne firme Alfa tehniks i Fosloh \u0161vabe potpisale su ugovore, jo\u0161 dve \u0107e naredne nedelje sa ,,svojim&#8221; u\u010denicima potpisati ugovore, dok je Termoelektrana Morava \u00a0u Svilajncu odbila to da uradi.<\/p>\n<p>-Nema razvoja u Svilajncu ukoliko se mladi ljudi ovde ne \u0161koluju, obrazuju za proizvodna zanimanja, fakultete, ovde se zaposle, stvaraju porodicu, ra\u0111aju decu, zato pravimo vrti\u0107e i \u0161kole. Svilajnac je otvorena op\u0161tina u kojoj svako treba da na\u0111e svoje mesto. Alfa tehniks i Fosloh \u0161vabe pokazali su na pilot projektu da se mo\u017ee realizovati, neki drugi nisu polo\u017eili taj test. Nadam se da \u0107e da shvate da su na pogre\u0161nom putu, shvatili su da je to njihova obaveza a ne razvojna \u0161ansa. Neki su krenuli putem da neko ima nekog da bi dobio posao, \u017eelimo da u Svilajncu da niko nema potrebe da ima nekog, nego da svojim radom i trudom izbori svoju \u0161ansu. To je politika koju vodimo 12 godina, jer \u0161ansu treba da dobijaju deca koja su vredna, radna, obrazovana, a ne zato \u0161to imaju ro\u0111aka, prijatelja ili politi\u010dku stranku iza sebe, istakao je Milanovi\u0107.<\/p>\n<div id='gallery-1' class='gallery galleryid-24279 gallery-columns-4 gallery-size-full'><figure class='gallery-item'>\n\t\t\t<div class='gallery-icon landscape'>\n\t\t\t\t<a href='https:\/\/centralmedia.rs\/index.php\/2020\/06\/09\/ostvarenje-dvanestogodisnjeg-sna-u-svilajncu-iz-skolskih-klupa-u-savremene-proizvodne-pogone\/alfa-tehniks\/'><img loading=\"lazy\" decoding=\"async\" width=\"1800\" height=\"875\" src=\"https:\/\/centralmedia.rs\/wp-content\/uploads\/2020\/06\/alfa-tehniks.jpg\" class=\"attachment-full size-full\" alt=\"\" srcset=\"https:\/\/centralmedia.rs\/wp-content\/uploads\/2020\/06\/alfa-tehniks.jpg 1800w, https:\/\/centralmedia.rs\/wp-content\/uploads\/2020\/06\/alfa-tehniks-300x146.jpg 300w, https:\/\/centralmedia.rs\/wp-content\/uploads\/2020\/06\/alfa-tehniks-768x373.jpg 768w, https:\/\/centralmedia.rs\/wp-content\/uploads\/2020\/06\/alfa-tehniks-1024x498.jpg 1024w, https:\/\/centralmedia.rs\/wp-content\/uploads\/2020\/06\/alfa-tehniks-864x420.jpg 864w, https:\/\/centralmedia.rs\/wp-content\/uploads\/2020\/06\/alfa-tehniks-640x311.jpg 640w, https:\/\/centralmedia.rs\/wp-content\/uploads\/2020\/06\/alfa-tehniks-681x331.jpg 681w\" sizes=\"(max-width: 1800px) 100vw, 1800px\" \/><\/a>\n\t\t\t<\/div><\/figure><figure class='gallery-item'>\n\t\t\t<div class='gallery-icon landscape'>\n\t\t\t\t<a href='https:\/\/centralmedia.rs\/index.php\/2020\/06\/09\/ostvarenje-dvanestogodisnjeg-sna-u-svilajncu-iz-skolskih-klupa-u-savremene-proizvodne-pogone\/alfa-tehniks1\/'><img loading=\"lazy\" decoding=\"async\" width=\"1800\" height=\"875\" src=\"https:\/\/centralmedia.rs\/wp-content\/uploads\/2020\/06\/alfa-tehniks1.jpg\" class=\"attachment-full size-full\" alt=\"\" srcset=\"https:\/\/centralmedia.rs\/wp-content\/uploads\/2020\/06\/alfa-tehniks1.jpg 1800w, https:\/\/centralmedia.rs\/wp-content\/uploads\/2020\/06\/alfa-tehniks1-300x146.jpg 300w, https:\/\/centralmedia.rs\/wp-content\/uploads\/2020\/06\/alfa-tehniks1-768x373.jpg 768w, https:\/\/centralmedia.rs\/wp-content\/uploads\/2020\/06\/alfa-tehniks1-1024x498.jpg 1024w, https:\/\/centralmedia.rs\/wp-content\/uploads\/2020\/06\/alfa-tehniks1-864x420.jpg 864w, https:\/\/centralmedia.rs\/wp-content\/uploads\/2020\/06\/alfa-tehniks1-640x311.jpg 640w, https:\/\/centralmedia.rs\/wp-content\/uploads\/2020\/06\/alfa-tehniks1-681x331.jpg 681w\" sizes=\"(max-width: 1800px) 100vw, 1800px\" \/><\/a>\n\t\t\t<\/div><\/figure><figure class='gallery-item'>\n\t\t\t<div class='gallery-icon landscape'>\n\t\t\t\t<a href='https:\/\/centralmedia.rs\/index.php\/2020\/06\/09\/ostvarenje-dvanestogodisnjeg-sna-u-svilajncu-iz-skolskih-klupa-u-savremene-proizvodne-pogone\/alfa-tehniks2\/'><img loading=\"lazy\" decoding=\"async\" width=\"1800\" height=\"875\" src=\"https:\/\/centralmedia.rs\/wp-content\/uploads\/2020\/06\/alfa-tehniks2.jpg\" class=\"attachment-full size-full\" alt=\"\" srcset=\"https:\/\/centralmedia.rs\/wp-content\/uploads\/2020\/06\/alfa-tehniks2.jpg 1800w, https:\/\/centralmedia.rs\/wp-content\/uploads\/2020\/06\/alfa-tehniks2-300x146.jpg 300w, https:\/\/centralmedia.rs\/wp-content\/uploads\/2020\/06\/alfa-tehniks2-768x373.jpg 768w, https:\/\/centralmedia.rs\/wp-content\/uploads\/2020\/06\/alfa-tehniks2-1024x498.jpg 1024w, https:\/\/centralmedia.rs\/wp-content\/uploads\/2020\/06\/alfa-tehniks2-864x420.jpg 864w, https:\/\/centralmedia.rs\/wp-content\/uploads\/2020\/06\/alfa-tehniks2-640x311.jpg 640w, https:\/\/centralmedia.rs\/wp-content\/uploads\/2020\/06\/alfa-tehniks2-681x331.jpg 681w\" sizes=\"(max-width: 1800px) 100vw, 1800px\" \/><\/a>\n\t\t\t<\/div><\/figure><figure class='gallery-item'>\n\t\t\t<div class='gallery-icon landscape'>\n\t\t\t\t<a href='https:\/\/centralmedia.rs\/index.php\/2020\/06\/09\/ostvarenje-dvanestogodisnjeg-sna-u-svilajncu-iz-skolskih-klupa-u-savremene-proizvodne-pogone\/alfa-tehniks3\/'><img loading=\"lazy\" decoding=\"async\" width=\"1800\" height=\"875\" src=\"https:\/\/centralmedia.rs\/wp-content\/uploads\/2020\/06\/alfa-tehniks3.jpg\" class=\"attachment-full size-full\" alt=\"\" srcset=\"https:\/\/centralmedia.rs\/wp-content\/uploads\/2020\/06\/alfa-tehniks3.jpg 1800w, https:\/\/centralmedia.rs\/wp-content\/uploads\/2020\/06\/alfa-tehniks3-300x146.jpg 300w, https:\/\/centralmedia.rs\/wp-content\/uploads\/2020\/06\/alfa-tehniks3-768x373.jpg 768w, https:\/\/centralmedia.rs\/wp-content\/uploads\/2020\/06\/alfa-tehniks3-1024x498.jpg 1024w, https:\/\/centralmedia.rs\/wp-content\/uploads\/2020\/06\/alfa-tehniks3-864x420.jpg 864w, https:\/\/centralmedia.rs\/wp-content\/uploads\/2020\/06\/alfa-tehniks3-640x311.jpg 640w, https:\/\/centralmedia.rs\/wp-content\/uploads\/2020\/06\/alfa-tehniks3-681x331.jpg 681w\" sizes=\"(max-width: 1800px) 100vw, 1800px\" \/><\/a>\n\t\t\t<\/div><\/figure>\n\t\t<\/div>\n\n<p>On je najavio da \u0107e insistirati da firme koje se nisu sna\u0161le u realizaciji projekta treba da \u010dekaju svoju \u0161ansu, a da Alfa tehniks dobije maksimalu podr\u0161ku.<\/p>\n<p>-Zahvaljujem se op\u0161tini Svilajnac \u0161to je prepoznala na\u0161u kompaniju i omogu\u0107ila nam da u\u0111emo u ovaj program koji je veoma va\u017ean za na\u0161u kompaniju. Na\u0161 strate\u0161ki cilj je zapo\u0161ljavanje mladih ljudi, a najve\u0107i resurs su ljudi. Zapo\u0161ljavamo 250 radnika i cilj nam je da pove\u0107amo broj radnika za jo\u0161 50. Do kraja godine o\u010dekujemo veliki ugovor, \u0161to \u0107e biti va\u017ena investicija za Svilajnac i Srbiju, rekao je direktor Alfa tehniks Ivan \u017divkovi\u0107.<\/p>\n<div id='gallery-2' class='gallery galleryid-24279 gallery-columns-4 gallery-size-full'><figure class='gallery-item'>\n\t\t\t<div class='gallery-icon landscape'>\n\t\t\t\t<a href='https:\/\/centralmedia.rs\/index.php\/2020\/06\/09\/ostvarenje-dvanestogodisnjeg-sna-u-svilajncu-iz-skolskih-klupa-u-savremene-proizvodne-pogone\/foshol-svabe\/'><img loading=\"lazy\" decoding=\"async\" width=\"1800\" height=\"875\" src=\"https:\/\/centralmedia.rs\/wp-content\/uploads\/2020\/06\/foshol-svabe.jpg\" class=\"attachment-full size-full\" alt=\"\" srcset=\"https:\/\/centralmedia.rs\/wp-content\/uploads\/2020\/06\/foshol-svabe.jpg 1800w, https:\/\/centralmedia.rs\/wp-content\/uploads\/2020\/06\/foshol-svabe-300x146.jpg 300w, https:\/\/centralmedia.rs\/wp-content\/uploads\/2020\/06\/foshol-svabe-768x373.jpg 768w, https:\/\/centralmedia.rs\/wp-content\/uploads\/2020\/06\/foshol-svabe-1024x498.jpg 1024w, https:\/\/centralmedia.rs\/wp-content\/uploads\/2020\/06\/foshol-svabe-864x420.jpg 864w, https:\/\/centralmedia.rs\/wp-content\/uploads\/2020\/06\/foshol-svabe-640x311.jpg 640w, https:\/\/centralmedia.rs\/wp-content\/uploads\/2020\/06\/foshol-svabe-681x331.jpg 681w\" sizes=\"(max-width: 1800px) 100vw, 1800px\" \/><\/a>\n\t\t\t<\/div><\/figure><figure class='gallery-item'>\n\t\t\t<div class='gallery-icon landscape'>\n\t\t\t\t<a href='https:\/\/centralmedia.rs\/index.php\/2020\/06\/09\/ostvarenje-dvanestogodisnjeg-sna-u-svilajncu-iz-skolskih-klupa-u-savremene-proizvodne-pogone\/foshol-svabe1\/'><img loading=\"lazy\" decoding=\"async\" width=\"1800\" height=\"875\" src=\"https:\/\/centralmedia.rs\/wp-content\/uploads\/2020\/06\/foshol-svabe1.jpg\" class=\"attachment-full size-full\" alt=\"\" srcset=\"https:\/\/centralmedia.rs\/wp-content\/uploads\/2020\/06\/foshol-svabe1.jpg 1800w, https:\/\/centralmedia.rs\/wp-content\/uploads\/2020\/06\/foshol-svabe1-300x146.jpg 300w, https:\/\/centralmedia.rs\/wp-content\/uploads\/2020\/06\/foshol-svabe1-768x373.jpg 768w, https:\/\/centralmedia.rs\/wp-content\/uploads\/2020\/06\/foshol-svabe1-1024x498.jpg 1024w, https:\/\/centralmedia.rs\/wp-content\/uploads\/2020\/06\/foshol-svabe1-864x420.jpg 864w, https:\/\/centralmedia.rs\/wp-content\/uploads\/2020\/06\/foshol-svabe1-640x311.jpg 640w, https:\/\/centralmedia.rs\/wp-content\/uploads\/2020\/06\/foshol-svabe1-681x331.jpg 681w\" sizes=\"(max-width: 1800px) 100vw, 1800px\" \/><\/a>\n\t\t\t<\/div><\/figure><figure class='gallery-item'>\n\t\t\t<div class='gallery-icon landscape'>\n\t\t\t\t<a href='https:\/\/centralmedia.rs\/index.php\/2020\/06\/09\/ostvarenje-dvanestogodisnjeg-sna-u-svilajncu-iz-skolskih-klupa-u-savremene-proizvodne-pogone\/foshol-svabe2\/'><img loading=\"lazy\" decoding=\"async\" width=\"1800\" height=\"875\" src=\"https:\/\/centralmedia.rs\/wp-content\/uploads\/2020\/06\/foshol-svabe2.jpg\" class=\"attachment-full size-full\" alt=\"\" srcset=\"https:\/\/centralmedia.rs\/wp-content\/uploads\/2020\/06\/foshol-svabe2.jpg 1800w, https:\/\/centralmedia.rs\/wp-content\/uploads\/2020\/06\/foshol-svabe2-300x146.jpg 300w, https:\/\/centralmedia.rs\/wp-content\/uploads\/2020\/06\/foshol-svabe2-768x373.jpg 768w, https:\/\/centralmedia.rs\/wp-content\/uploads\/2020\/06\/foshol-svabe2-1024x498.jpg 1024w, https:\/\/centralmedia.rs\/wp-content\/uploads\/2020\/06\/foshol-svabe2-864x420.jpg 864w, https:\/\/centralmedia.rs\/wp-content\/uploads\/2020\/06\/foshol-svabe2-640x311.jpg 640w, https:\/\/centralmedia.rs\/wp-content\/uploads\/2020\/06\/foshol-svabe2-681x331.jpg 681w\" sizes=\"(max-width: 1800px) 100vw, 1800px\" \/><\/a>\n\t\t\t<\/div><\/figure><figure class='gallery-item'>\n\t\t\t<div class='gallery-icon landscape'>\n\t\t\t\t<a href='https:\/\/centralmedia.rs\/index.php\/2020\/06\/09\/ostvarenje-dvanestogodisnjeg-sna-u-svilajncu-iz-skolskih-klupa-u-savremene-proizvodne-pogone\/ugovori-2\/'><img loading=\"lazy\" decoding=\"async\" width=\"1800\" height=\"875\" src=\"https:\/\/centralmedia.rs\/wp-content\/uploads\/2020\/06\/ugovori.jpg\" class=\"attachment-full size-full\" alt=\"\" srcset=\"https:\/\/centralmedia.rs\/wp-content\/uploads\/2020\/06\/ugovori.jpg 1800w, https:\/\/centralmedia.rs\/wp-content\/uploads\/2020\/06\/ugovori-300x146.jpg 300w, https:\/\/centralmedia.rs\/wp-content\/uploads\/2020\/06\/ugovori-768x373.jpg 768w, https:\/\/centralmedia.rs\/wp-content\/uploads\/2020\/06\/ugovori-1024x498.jpg 1024w, https:\/\/centralmedia.rs\/wp-content\/uploads\/2020\/06\/ugovori-864x420.jpg 864w, https:\/\/centralmedia.rs\/wp-content\/uploads\/2020\/06\/ugovori-640x311.jpg 640w, https:\/\/centralmedia.rs\/wp-content\/uploads\/2020\/06\/ugovori-681x331.jpg 681w\" sizes=\"(max-width: 1800px) 100vw, 1800px\" \/><\/a>\n\t\t\t<\/div><\/figure>\n\t\t<\/div>\n\n<p>U\u010denici su u Fosloh \u0161vabe drugoj godini \u0161kolovanja imali 360 sati prakse, a u tre\u0107oj 720 sati. Pla\u0107ani su 70 odsto od minimalne cene radnog \u010dasa uz putne tro\u0161kove i obrok.<\/p>\n<p>-U\u0161li smo motivisani da za tri godine napravimo od u\u010denika dobre majstore. Ulo\u017eili smo trud i od dece smo dobili novi radnike. Pored prakti\u010dno znanja, trudili smo se da deci nastava bude interesantna. U praksi smo sprovodili ono \u0161to su teoretski u\u010dili. Deca su radila ozbiljno, kao da su radno anga\u017eovani. Ve\u0107 su preuzeli obavljanje poslova ozbiljnih majstora, isti\u010de direktor \u00a0Fosloh \u0161vabe Srbija Miljan Spasi\u0107, gde je zaposleno 415 radnika.<\/p>\n<p>Direktorka Srednje \u0161kole Sla\u0111ana Stojanovi\u0107 najavila je da \u0107e od slede\u0107e \u0161kolske godine ta \u0161kola upisivati smer tehni\u010dar mehatronike u \u010detvorogodi\u0161njem \u0161kolovanju, a za u\u010denike iz drugih gradova obezbe\u0111en je Dom u\u010denika u Poljoprivrednoj \u0161koli. Tako\u0111e, smer kuvar od slede\u0107e \u0161kolske godine bi\u0107e upisivan u Poljoprivrednoj \u0161koli.<\/p>\n","protected":false},"excerpt":{"rendered":"<p>SVILAJNAC- Ovo je ostvarenje dvanaestogodi\u0161njeg sna i napornog rada, posle mature danas su u\u010denici Srednje \u0161kole u Svilajncu potpisali ugovore o radu i po\u010dinju samostalni &hellip; <\/p>\n","protected":false},"author":2,"featured_media":24280,"comment_status":"open","ping_status":"open","sticky":false,"template":"","format":"standard","meta":{"footnotes":""},"categories":[22,1524,2,887,12,1517],"tags":[4629,3061,4700,38,196],"_links":{"self":[{"href":"https:\/\/centralmedia.rs\/index.php\/wp-json\/wp\/v2\/posts\/24279"}],"collection":[{"href":"https:\/\/centralmedia.rs\/index.php\/wp-json\/wp\/v2\/posts"}],"about":[{"href":"https:\/\/centralmedia.rs\/index.php\/wp-json\/wp\/v2\/types\/post"}],"author":[{"embeddable":true,"href":"https:\/\/centralmedia.rs\/index.php\/wp-json\/wp\/v2\/users\/2"}],"replies":[{"embeddable":true,"href":"https:\/\/centralmedia.rs\/index.php\/wp-json\/wp\/v2\/comments?post=24279"}],"version-history":[{"count":2,"href":"https:\/\/centralmedia.rs\/index.php\/wp-json\/wp\/v2\/posts\/24279\/revisions"}],"predecessor-version":[{"id":24290,"href":"https:\/\/centralmedia.rs\/index.php\/wp-json\/wp\/v2\/posts\/24279\/revisions\/24290"}],"wp:featuredmedia":[{"embeddable":true,"href":"https:\/\/centralmedia.rs\/index.php\/wp-json\/wp\/v2\/media\/24280"}],"wp:attachment":[{"href":"https:\/\/centralmedia.rs\/index.php\/wp-json\/wp\/v2\/media?parent=24279"}],"wp:term":[{"taxonomy":"category","embeddable":true,"href":"https:\/\/centralmedia.rs\/index.php\/wp-json\/wp\/v2\/categories?post=24279"},{"taxonomy":"post_tag","embeddable":true,"href":"https:\/\/centralmedia.rs\/index.php\/wp-json\/wp\/v2\/tags?post=24279"}],"curies":[{"name":"wp","href":"https:\/\/api.w.org\/{rel}","templated":true}]}}