{"id":2428,"date":"2016-03-15T21:17:48","date_gmt":"2016-03-15T21:17:48","guid":{"rendered":"http:\/\/centralmedia.rs\/?p=2428"},"modified":"2016-03-15T21:17:48","modified_gmt":"2016-03-15T21:17:48","slug":"nova-koalicija-u-jagodini","status":"publish","type":"post","link":"https:\/\/centralmedia.rs\/index.php\/2016\/03\/15\/nova-koalicija-u-jagodini\/","title":{"rendered":"NOVA KOALICIJA U JAGODINI"},"content":{"rendered":"<p>JAGODINA-Savez za bolju Jagodinu-Boris Tadi\u0107-Borislav Stefanovi\u0107 bi\u0107e naziv liste koja  \u0107e u Jagodini nastupiti na lokalnim izborima, a  \u010dine je SDS, Levica Srbije i Pokret za Preokret-Janko Veselinovi\u0107.<br \/>\n-Zala\u017eemo se da sa vlasti u Jagodini ode Jedinstvena Srbija, kao i da nikako ne do\u0111e Srpska napredna stranka. Nismo opozicija samo JS, ve\u0107 i SNS, istakao je na konferenciji za novinara predsednik GrO SDS Aleksandar Grkovi\u0107.<br \/>\nTa koalicija po\u010dinje sa prikupljanjem potpisa u sredu u 15 sati u prostorijama SDS-a preko puta Sosiete \u017eeneral banke u glavnoj ulici.<br \/>\nVerica Are\u017eina ispred PZP naglasila je da je Jagodini potreban preokret, kao poseban problem naevla je veliki broj nezaposlenih, kao i da se taj broj pove\u0107ava.<br \/>\n-Deluje da se u Jagodini dobro \u017eivi, ali to nije tako. \u017delimo da vratimo dostojanstvo, ustvrduila je ona.<br \/>\nPredsednik jagodinsog Pokreta levica dr Milan Miloradovi\u0107 obja\u0161njavao je koncept neoliberalnog kapitalizma koji se sprovodi u Srbiji i Jagodini.<br \/>\nDve od tri stranke u toj koaliciji osnovali su biv\u0161i \u010dlanovi DS, te je sada jasno da su se uz koaliciju DS-LDP-ZZS-SPO u izbornu trku uklju\u010dili svi nekada\u0161nji funkcioneri te mati\u010dne stranke. Narednih dana bi\u0107e poznato ime kandidata za gradona\u010delnika sa te liste.    <\/p>\n","protected":false},"excerpt":{"rendered":"<p>JAGODINA-Savez za bolju Jagodinu-Boris Tadi\u0107-Borislav Stefanovi\u0107 bi\u0107e naziv liste koja \u0107e u Jagodini nastupiti na lokalnim izborima, a \u010dine je SDS, Levica Srbije i Pokret &hellip; <\/p>\n","protected":false},"author":4,"featured_media":2429,"comment_status":"open","ping_status":"open","sticky":false,"template":"","format":"standard","meta":{"footnotes":""},"categories":[2,13,12],"tags":[58,626,625],"_links":{"self":[{"href":"https:\/\/centralmedia.rs\/index.php\/wp-json\/wp\/v2\/posts\/2428"}],"collection":[{"href":"https:\/\/centralmedia.rs\/index.php\/wp-json\/wp\/v2\/posts"}],"about":[{"href":"https:\/\/centralmedia.rs\/index.php\/wp-json\/wp\/v2\/types\/post"}],"author":[{"embeddable":true,"href":"https:\/\/centralmedia.rs\/index.php\/wp-json\/wp\/v2\/users\/4"}],"replies":[{"embeddable":true,"href":"https:\/\/centralmedia.rs\/index.php\/wp-json\/wp\/v2\/comments?post=2428"}],"version-history":[{"count":0,"href":"https:\/\/centralmedia.rs\/index.php\/wp-json\/wp\/v2\/posts\/2428\/revisions"}],"wp:featuredmedia":[{"embeddable":true,"href":"https:\/\/centralmedia.rs\/index.php\/wp-json\/wp\/v2\/media\/2429"}],"wp:attachment":[{"href":"https:\/\/centralmedia.rs\/index.php\/wp-json\/wp\/v2\/media?parent=2428"}],"wp:term":[{"taxonomy":"category","embeddable":true,"href":"https:\/\/centralmedia.rs\/index.php\/wp-json\/wp\/v2\/categories?post=2428"},{"taxonomy":"post_tag","embeddable":true,"href":"https:\/\/centralmedia.rs\/index.php\/wp-json\/wp\/v2\/tags?post=2428"}],"curies":[{"name":"wp","href":"https:\/\/api.w.org\/{rel}","templated":true}]}}