{"id":24317,"date":"2020-06-11T19:38:01","date_gmt":"2020-06-11T19:38:01","guid":{"rendered":"http:\/\/centralmedia.rs\/?p=24317"},"modified":"2020-06-13T21:53:13","modified_gmt":"2020-06-13T21:53:13","slug":"diplomate-velike-britanije-u-paracinu-uravnotezena-medijska-slika-partija-u-paracinu","status":"publish","type":"post","link":"https:\/\/centralmedia.rs\/index.php\/2020\/06\/11\/diplomate-velike-britanije-u-paracinu-uravnotezena-medijska-slika-partija-u-paracinu\/","title":{"rendered":"DIPLOMATE VELIKE BRITANIJE U PARA\u0106INU &#8211; URAVNOTE\u017dENA MEDIJSKA SLIKA PARTIJA U PARA\u0106INU"},"content":{"rendered":"<p>PARA\u0106IN- Diplomate Ambasade Velike Britanije u Beogradu je danas su posetile Para\u0107in i sa predsednikom op\u0161tine Sa\u0161om Paunovi\u0107em razgovarali o predizbornoj kampanji i stanju lokalne privrede. Velika Britanija bila je uklju\u010dena u dijalog opozicije i strankama na vlasti, vo\u0111en pro\u0161le godine, radi pobolj\u0161avanja uslova za izbore u Srbiji.<\/p>\n<p>-Medijska situacija u Para\u0107inu je bolja verovatno nego u ve\u0107ini op\u0161tina u Srbiji, jer je uravnote\u017eena slika u medijima i onih partija koje su na vlasti i onih koje su u opoziciji, ka\u017ee Paunovi\u0107.<\/p>\n<p>Diplomate je interesovala tema ekonomije i stranih investicija u Para\u0107inu.<\/p>\n<p>-To su uobi\u010dajne teme o kojima se pri\u010da sa predstavnicima stranih ambasada. Njih uvek interesuje da li postoji mogu\u0107nost investiranja neke kompanije, koji su uslovi. Oni to znaju sa stanovi\u0161ta dr\u017eavne vlasti, ali ih interesuje kakvi su lokalni uslovi u mestima koja pose\u0107uju, istakao je Paunovi\u0107 i dodao da je pro\u0161le godine Para\u0107in posetila delegacija diplomata iz 20 dr\u017eava Evropske unije povodom realizacije projekta u Industrijskoj zoni ,,Zmi\u010d&#8221;.<\/p>\n","protected":false},"excerpt":{"rendered":"<p>PARA\u0106IN- Diplomate Ambasade Velike Britanije u Beogradu je danas su posetile Para\u0107in i sa predsednikom op\u0161tine Sa\u0161om Paunovi\u0107em razgovarali o predizbornoj kampanji i stanju lokalne &hellip; <\/p>\n","protected":false},"author":2,"featured_media":24318,"comment_status":"open","ping_status":"open","sticky":false,"template":"","format":"standard","meta":{"footnotes":""},"categories":[1524,2,1516,13,887,12],"tags":[4093,156,4706],"_links":{"self":[{"href":"https:\/\/centralmedia.rs\/index.php\/wp-json\/wp\/v2\/posts\/24317"}],"collection":[{"href":"https:\/\/centralmedia.rs\/index.php\/wp-json\/wp\/v2\/posts"}],"about":[{"href":"https:\/\/centralmedia.rs\/index.php\/wp-json\/wp\/v2\/types\/post"}],"author":[{"embeddable":true,"href":"https:\/\/centralmedia.rs\/index.php\/wp-json\/wp\/v2\/users\/2"}],"replies":[{"embeddable":true,"href":"https:\/\/centralmedia.rs\/index.php\/wp-json\/wp\/v2\/comments?post=24317"}],"version-history":[{"count":1,"href":"https:\/\/centralmedia.rs\/index.php\/wp-json\/wp\/v2\/posts\/24317\/revisions"}],"predecessor-version":[{"id":24319,"href":"https:\/\/centralmedia.rs\/index.php\/wp-json\/wp\/v2\/posts\/24317\/revisions\/24319"}],"wp:featuredmedia":[{"embeddable":true,"href":"https:\/\/centralmedia.rs\/index.php\/wp-json\/wp\/v2\/media\/24318"}],"wp:attachment":[{"href":"https:\/\/centralmedia.rs\/index.php\/wp-json\/wp\/v2\/media?parent=24317"}],"wp:term":[{"taxonomy":"category","embeddable":true,"href":"https:\/\/centralmedia.rs\/index.php\/wp-json\/wp\/v2\/categories?post=24317"},{"taxonomy":"post_tag","embeddable":true,"href":"https:\/\/centralmedia.rs\/index.php\/wp-json\/wp\/v2\/tags?post=24317"}],"curies":[{"name":"wp","href":"https:\/\/api.w.org\/{rel}","templated":true}]}}