{"id":24332,"date":"2020-06-13T08:41:43","date_gmt":"2020-06-13T08:41:43","guid":{"rendered":"http:\/\/centralmedia.rs\/?p=24332"},"modified":"2020-06-14T13:19:06","modified_gmt":"2020-06-14T13:19:06","slug":"konvencija-pokreta-svi-za-paracin-paracin-paracincima","status":"publish","type":"post","link":"https:\/\/centralmedia.rs\/index.php\/2020\/06\/13\/konvencija-pokreta-svi-za-paracin-paracin-paracincima\/","title":{"rendered":"KONVENCIJA POKRETA SVI ZA PARA\u0106IN ,,PARA\u0106IN PARA\u0106INCIMA&#8221;"},"content":{"rendered":"<p>PARA\u0106IN- Pokret Svi za Para\u0107in odr\u017eao je u ispred spomenika Oslobodiocima u Prvom svetskom ratu predizbornu konvenciju poru\u010duju\u0107u gra\u0111anima da ,,Para\u0107in pripada Para\u0107incima&#8221; , te da su protiv ,,beogradizacije i centralizacije lokalnih sredina&#8221;, ilustruju\u0107i to primerima obe\u0107anja nacionalnih lidera i politi\u010dara o pomo\u0107i koja je dobila svoju suprotnost kroz otkaze Para\u0107inaca, lo\u0161eg rada dr\u017eavnih institucija i zlupotrebe ovla\u0161\u0107enja dr\u017eavnog aparata.<\/p>\n<p>-Bili smo izlo\u017eeni raznim pritiscima, nisu uspeli, jer smo radili i borili se za obi\u010dnog \u010doveka, Para\u0107ince. Nismo okretali glavu kada je te\u0161ko, tu su i priznanja\u00a0 dobijana u najte\u017eim vremenima, kada su nam pretili hap\u0161enjima. Tra\u017eim podr\u0161ku da nastavimo uspe\u0161an rad, da ula\u017eemo u ljude i razvijamo nove resurse, poru\u010dio je prvi na izbornoj listi Tomislav \u0160aleti\u0107.<\/p>\n<div id='gallery-1' class='gallery galleryid-24332 gallery-columns-5 gallery-size-thumbnail'><figure class='gallery-item'>\n\t\t\t<div class='gallery-icon landscape'>\n\t\t\t\t<a href='https:\/\/centralmedia.rs\/index.php\/2020\/06\/13\/konvencija-pokreta-svi-za-paracin-paracin-paracincima\/svi-2\/'><img loading=\"lazy\" decoding=\"async\" width=\"150\" height=\"150\" src=\"https:\/\/centralmedia.rs\/wp-content\/uploads\/2020\/06\/svi-150x150.jpg\" class=\"attachment-thumbnail size-thumbnail\" alt=\"\" \/><\/a>\n\t\t\t<\/div><\/figure><figure class='gallery-item'>\n\t\t\t<div class='gallery-icon landscape'>\n\t\t\t\t<a href='https:\/\/centralmedia.rs\/index.php\/2020\/06\/13\/konvencija-pokreta-svi-za-paracin-paracin-paracincima\/svi2\/'><img loading=\"lazy\" decoding=\"async\" width=\"150\" height=\"150\" src=\"https:\/\/centralmedia.rs\/wp-content\/uploads\/2020\/06\/svi2-150x150.jpg\" class=\"attachment-thumbnail size-thumbnail\" alt=\"\" \/><\/a>\n\t\t\t<\/div><\/figure><figure class='gallery-item'>\n\t\t\t<div class='gallery-icon landscape'>\n\t\t\t\t<a href='https:\/\/centralmedia.rs\/index.php\/2020\/06\/13\/konvencija-pokreta-svi-za-paracin-paracin-paracincima\/svi3\/'><img loading=\"lazy\" decoding=\"async\" width=\"150\" height=\"150\" src=\"https:\/\/centralmedia.rs\/wp-content\/uploads\/2020\/06\/svi3-150x150.jpg\" class=\"attachment-thumbnail size-thumbnail\" alt=\"\" \/><\/a>\n\t\t\t<\/div><\/figure><figure class='gallery-item'>\n\t\t\t<div class='gallery-icon portrait'>\n\t\t\t\t<a href='https:\/\/centralmedia.rs\/index.php\/2020\/06\/13\/konvencija-pokreta-svi-za-paracin-paracin-paracincima\/svi4\/'><img loading=\"lazy\" decoding=\"async\" width=\"150\" height=\"150\" src=\"https:\/\/centralmedia.rs\/wp-content\/uploads\/2020\/06\/svi4-150x150.jpg\" class=\"attachment-thumbnail size-thumbnail\" alt=\"\" \/><\/a>\n\t\t\t<\/div><\/figure><figure class='gallery-item'>\n\t\t\t<div class='gallery-icon landscape'>\n\t\t\t\t<a href='https:\/\/centralmedia.rs\/index.php\/2020\/06\/13\/konvencija-pokreta-svi-za-paracin-paracin-paracincima\/svi1\/'><img loading=\"lazy\" decoding=\"async\" width=\"150\" height=\"150\" src=\"https:\/\/centralmedia.rs\/wp-content\/uploads\/2020\/06\/svi1-150x150.jpg\" class=\"attachment-thumbnail size-thumbnail\" alt=\"\" \/><\/a>\n\t\t\t<\/div><\/figure>\n\t\t<\/div>\n\n<p>Danijel \u017divkovi\u0107 istakao je re\u0161enost da se nastavi zapo\u010deto u Para\u0107inu, da se preuzme odgovornost za vo\u0111enje lokalne politike i re\u0161avanje problema zajednice, da svi segmenti \u017eivota funkcioni\u0161u na najbolji mogu\u0107i na\u010din. O radu u predhodnom periodu govore najvi\u0161e ocene nezavisnih institucija.<\/p>\n<p>&#8211; Bira\u0107emo izme\u0111u Beograda i Para\u0107ina. Mi zastupamo interese Para\u0107ina, borimo se za manje poreze, da nas Beograd ne iscrpljuje i sa na\u0161im parama se gradi i razvija, a mi da se gasimo. Na\u0161i politi\u010dki oponenti se bore za interes Beograda, oni su ispostava beogradske vlasti i Para\u0107in \u0107e, ukoliko oni budu na vlasti, morati po diktatu da radi, rekao je Milan Ili\u0107.<\/p>\n<div id='gallery-2' class='gallery galleryid-24332 gallery-columns-5 gallery-size-thumbnail'><figure class='gallery-item'>\n\t\t\t<div class='gallery-icon landscape'>\n\t\t\t\t<a href='https:\/\/centralmedia.rs\/index.php\/2020\/06\/13\/konvencija-pokreta-svi-za-paracin-paracin-paracincima\/svi5\/'><img loading=\"lazy\" decoding=\"async\" width=\"150\" height=\"150\" src=\"https:\/\/centralmedia.rs\/wp-content\/uploads\/2020\/06\/svi5-150x150.jpg\" class=\"attachment-thumbnail size-thumbnail\" alt=\"\" \/><\/a>\n\t\t\t<\/div><\/figure><figure class='gallery-item'>\n\t\t\t<div class='gallery-icon landscape'>\n\t\t\t\t<a href='https:\/\/centralmedia.rs\/index.php\/2020\/06\/13\/konvencija-pokreta-svi-za-paracin-paracin-paracincima\/svi6\/'><img loading=\"lazy\" decoding=\"async\" width=\"150\" height=\"150\" src=\"https:\/\/centralmedia.rs\/wp-content\/uploads\/2020\/06\/svi6-150x150.jpg\" class=\"attachment-thumbnail size-thumbnail\" alt=\"\" \/><\/a>\n\t\t\t<\/div><\/figure><figure class='gallery-item'>\n\t\t\t<div class='gallery-icon portrait'>\n\t\t\t\t<a href='https:\/\/centralmedia.rs\/index.php\/2020\/06\/13\/konvencija-pokreta-svi-za-paracin-paracin-paracincima\/svi7\/'><img loading=\"lazy\" decoding=\"async\" width=\"150\" height=\"150\" src=\"https:\/\/centralmedia.rs\/wp-content\/uploads\/2020\/06\/svi7-150x150.jpg\" class=\"attachment-thumbnail size-thumbnail\" alt=\"\" \/><\/a>\n\t\t\t<\/div><\/figure><figure class='gallery-item'>\n\t\t\t<div class='gallery-icon portrait'>\n\t\t\t\t<a href='https:\/\/centralmedia.rs\/index.php\/2020\/06\/13\/konvencija-pokreta-svi-za-paracin-paracin-paracincima\/svi8\/'><img loading=\"lazy\" decoding=\"async\" width=\"150\" height=\"150\" src=\"https:\/\/centralmedia.rs\/wp-content\/uploads\/2020\/06\/svi8-150x150.jpg\" class=\"attachment-thumbnail size-thumbnail\" alt=\"\" \/><\/a>\n\t\t\t<\/div><\/figure><figure class='gallery-item'>\n\t\t\t<div class='gallery-icon landscape'>\n\t\t\t\t<a href='https:\/\/centralmedia.rs\/index.php\/2020\/06\/13\/konvencija-pokreta-svi-za-paracin-paracin-paracincima\/svi9\/'><img loading=\"lazy\" decoding=\"async\" width=\"150\" height=\"150\" src=\"https:\/\/centralmedia.rs\/wp-content\/uploads\/2020\/06\/svi9-150x150.jpg\" class=\"attachment-thumbnail size-thumbnail\" alt=\"\" \/><\/a>\n\t\t\t<\/div><\/figure>\n\t\t<\/div>\n\n<p>Nemanja Radomirovi\u0107 je naglasio da mesije ne re\u0161avaju probleme zajednice, dok je Pokret Svi za Para\u0107in porodica ljudi jedinstvenih u ljubavi prema Para\u0107inu. U tom kontekstu on je naglasio projekte regulacije Crnice i odbrane od poplava, zamene cevovoda i azbestnih cevi, sigurnost u snabdevanju vodom narednih 50 godina, ali je posebno apsotrofirao da se velika opasnost nadvila nad Para\u0107inom, odnosno da ,,marionete beogradskog re\u017eima \u017eele da stave Para\u0107in u ropski polo\u017eaj&#8221;<\/p>\n<p>-Kada smo ja i moji Staklarci stajali 2016. godine ispred jedne bine, bili smo mnogo ponosni, jer je Aleksandar Vu\u010di\u0107 sa Miloradom Pu\u0161icom obe\u0107avao da Staklara ne\u0107e otpu\u0161tati, nego zapo\u0161ljavati radnike. Pu\u0161ica je, bio je \u010dlan GO SNS i predsednik NO SFS, najurio 300 ljudi. Ne\u0107emo da odustanemo od na\u0161e borbe, zato pla\u0107amo tro\u0161kove na\u0161ih nezakonitih otkaza. Beogra\u0111ane pozivamo na televizijski duel, u Para\u0107in dolaze ministri, ali ne prelaze prag SNS, ne \u0161etaju kroz grad. Beogra\u0111ani su uni\u0161tili Staklaru, zatvarali su pogone, delili otkaze obolelima od kancera, bogatili se enormno. To govori o njihovom karakteru, zato molim Para\u0107ince da glasaju za broj 5, kazala je Vesna Simi\u0107.<\/p>\n","protected":false},"excerpt":{"rendered":"<p>PARA\u0106IN- Pokret Svi za Para\u0107in odr\u017eao je u ispred spomenika Oslobodiocima u Prvom svetskom ratu predizbornu konvenciju poru\u010duju\u0107u gra\u0111anima da ,,Para\u0107in pripada Para\u0107incima&#8221; , te &hellip; <\/p>\n","protected":false},"author":2,"featured_media":24333,"comment_status":"open","ping_status":"open","sticky":false,"template":"","format":"standard","meta":{"footnotes":""},"categories":[1524,2,1516,13,887,12],"tags":[696,657],"_links":{"self":[{"href":"https:\/\/centralmedia.rs\/index.php\/wp-json\/wp\/v2\/posts\/24332"}],"collection":[{"href":"https:\/\/centralmedia.rs\/index.php\/wp-json\/wp\/v2\/posts"}],"about":[{"href":"https:\/\/centralmedia.rs\/index.php\/wp-json\/wp\/v2\/types\/post"}],"author":[{"embeddable":true,"href":"https:\/\/centralmedia.rs\/index.php\/wp-json\/wp\/v2\/users\/2"}],"replies":[{"embeddable":true,"href":"https:\/\/centralmedia.rs\/index.php\/wp-json\/wp\/v2\/comments?post=24332"}],"version-history":[{"count":1,"href":"https:\/\/centralmedia.rs\/index.php\/wp-json\/wp\/v2\/posts\/24332\/revisions"}],"predecessor-version":[{"id":24343,"href":"https:\/\/centralmedia.rs\/index.php\/wp-json\/wp\/v2\/posts\/24332\/revisions\/24343"}],"wp:featuredmedia":[{"embeddable":true,"href":"https:\/\/centralmedia.rs\/index.php\/wp-json\/wp\/v2\/media\/24333"}],"wp:attachment":[{"href":"https:\/\/centralmedia.rs\/index.php\/wp-json\/wp\/v2\/media?parent=24332"}],"wp:term":[{"taxonomy":"category","embeddable":true,"href":"https:\/\/centralmedia.rs\/index.php\/wp-json\/wp\/v2\/categories?post=24332"},{"taxonomy":"post_tag","embeddable":true,"href":"https:\/\/centralmedia.rs\/index.php\/wp-json\/wp\/v2\/tags?post=24332"}],"curies":[{"name":"wp","href":"https:\/\/api.w.org\/{rel}","templated":true}]}}